{"id":140,"date":"2026-03-15T02:19:12","date_gmt":"2026-03-15T02:19:12","guid":{"rendered":"https:\/\/radartamaulipas.info\/?p=140"},"modified":"2026-03-15T02:21:02","modified_gmt":"2026-03-15T02:21:02","slug":"reune-uat-al-talento-tamaulipeco-rumbo-a-olimpiada-de-matematicas","status":"publish","type":"post","link":"https:\/\/RadarTamaulipas.info\/?p=140","title":{"rendered":"Re\u00fane UAT al talento tamaulipeco rumbo a Olimpiada de Matem\u00e1ticas"},"content":{"rendered":"\n<figure class=\"wp-block-image size-large\"><img loading=\"lazy\" decoding=\"async\" width=\"1024\" height=\"682\" src=\"https:\/\/radartamaulipas.info\/wp-content\/uploads\/2026\/03\/IMG-20260314-WA0013-1024x682.jpg\" alt=\"\" class=\"wp-image-143\" srcset=\"https:\/\/radartamaulipas.info\/wp-content\/uploads\/2026\/03\/IMG-20260314-WA0013-1024x682.jpg 1024w, https:\/\/radartamaulipas.info\/wp-content\/uploads\/2026\/03\/IMG-20260314-WA0013-300x200.jpg 300w, https:\/\/radartamaulipas.info\/wp-content\/uploads\/2026\/03\/IMG-20260314-WA0013-768x512.jpg 768w, https:\/\/radartamaulipas.info\/wp-content\/uploads\/2026\/03\/IMG-20260314-WA0013.jpg 1280w\" sizes=\"auto, (max-width: 1024px) 100vw, 1024px\" \/><\/figure>\n\n\n\n<p>La Universidad Aut\u00f3noma de Tamaulipas (UAT) recibi\u00f3 a 150 ni\u00f1as, ni\u00f1os y adolescentes con alto desempe\u00f1o acad\u00e9mico durante la Etapa Estatal de la XXVI Olimpiada Nacional de Matem\u00e1ticas, donde las y los participantes compitieron por un lugar en la delegaci\u00f3n que representar\u00e1 a Tamaulipas en la fase nacional de este certamen.<br>Las instalaciones de la Facultad de Comercio y Administraci\u00f3n Victoria fueron sede de este encuentro organizado por la UAT, a trav\u00e9s de la Escuela Preparatoria Mante, en coordinaci\u00f3n con la Secretar\u00eda de Educaci\u00f3n de Tamaulipas, la Asociaci\u00f3n Nacional de Profesores de Matem\u00e1ticas y la Olimpiada Nacional de Matem\u00e1ticas para Alumnos de Primaria y Secundaria (ONMAPS) Delegaci\u00f3n Tamaulipas.<br>El objetivo de la olimpiada es fortalecer el pensamiento l\u00f3gico, promover la excelencia acad\u00e9mica y estimular el talento cient\u00edfico de la ni\u00f1ez y juventud tamaulipeca, consolidando una alianza institucional que favorece la formaci\u00f3n de nuevas generaciones con vocaci\u00f3n por el conocimiento.<br>En esta fase estatal participaron 150 estudiantes provenientes de instituciones educativas p\u00fablicas y privadas de distintas regiones del estado, quienes fueron seleccionados tras una etapa de evaluaci\u00f3n previa, en la cual 1 659 alumnos de primaria, secundaria y bachillerato aceptaron el reto de poner a prueba su talento matem\u00e1tico.<br>De este grupo destacado, solo 20 integrar\u00e1n la delegaci\u00f3n de Tamaulipas que competir\u00e1 en la etapa nacional a celebrarse en Guadalajara, Jalisco, del 1 al 4 de mayo.<br>En este marco, y bajo el liderazgo del rector D\u00e1maso Anaya Alvarado, la UAT refrend\u00f3 su compromiso con el impulso a la ciencia, la innovaci\u00f3n y el desarrollo del talento acad\u00e9mico en la entidad, promoviendo espacios que motivan a la ni\u00f1ez y juventud a alcanzar su m\u00e1ximo potencial en \u00e1reas estrat\u00e9gicas para el futuro de Tamaulipas y del pa\u00eds.<br>Durante la ceremonia inaugural, estuvieron autoridades educativas y universitarias que respaldan esta iniciativa, entre ellas: el secretario de Investigaci\u00f3n y Posgrado de la UAT, Fernando Leal R\u00edos, en representaci\u00f3n del rector D\u00e1maso Anaya Alvarado; el director de Educaci\u00f3n Secundaria de la SET, Jorge Luis V\u00e1zquez Valdez; el delegado estatal de la Olimpiada, Jos\u00e9 Res\u00e9ndez Mart\u00ednez; y el director de la Facultad de Comercio y Administraci\u00f3n de la UAT, Jes\u00fas Gerardo Delgado Rivas.<\/p>\n\n\n\n<figure class=\"wp-block-image size-large\"><img loading=\"lazy\" decoding=\"async\" width=\"1024\" height=\"366\" src=\"https:\/\/radartamaulipas.info\/wp-content\/uploads\/2026\/03\/IMG-20260314-WA0018-1024x366.jpg\" alt=\"\" class=\"wp-image-141\" srcset=\"https:\/\/radartamaulipas.info\/wp-content\/uploads\/2026\/03\/IMG-20260314-WA0018-1024x366.jpg 1024w, https:\/\/radartamaulipas.info\/wp-content\/uploads\/2026\/03\/IMG-20260314-WA0018-300x107.jpg 300w, https:\/\/radartamaulipas.info\/wp-content\/uploads\/2026\/03\/IMG-20260314-WA0018-768x274.jpg 768w, https:\/\/radartamaulipas.info\/wp-content\/uploads\/2026\/03\/IMG-20260314-WA0018.jpg 1280w\" sizes=\"auto, (max-width: 1024px) 100vw, 1024px\" \/><\/figure>\n","protected":false},"excerpt":{"rendered":"<p>La Universidad Aut\u00f3noma de Tamaulipas (UAT) recibi\u00f3 a 150 ni\u00f1as, ni\u00f1os y adolescentes con alto desempe\u00f1o acad\u00e9mico durante<\/p>\n","protected":false},"author":1,"featured_media":0,"comment_status":"open","ping_status":"open","sticky":false,"template":"","format":"standard","meta":{"footnotes":""},"categories":[1],"tags":[],"class_list":["post-140","post","type-post","status-publish","format-standard","hentry","category-tamaulipas"],"_links":{"self":[{"href":"https:\/\/RadarTamaulipas.info\/index.php?rest_route=\/wp\/v2\/posts\/140","targetHints":{"allow":["GET"]}}],"collection":[{"href":"https:\/\/RadarTamaulipas.info\/index.php?rest_route=\/wp\/v2\/posts"}],"about":[{"href":"https:\/\/RadarTamaulipas.info\/index.php?rest_route=\/wp\/v2\/types\/post"}],"author":[{"embeddable":true,"href":"https:\/\/RadarTamaulipas.info\/index.php?rest_route=\/wp\/v2\/users\/1"}],"replies":[{"embeddable":true,"href":"https:\/\/RadarTamaulipas.info\/index.php?rest_route=%2Fwp%2Fv2%2Fcomments&post=140"}],"version-history":[{"count":2,"href":"https:\/\/RadarTamaulipas.info\/index.php?rest_route=\/wp\/v2\/posts\/140\/revisions"}],"predecessor-version":[{"id":144,"href":"https:\/\/RadarTamaulipas.info\/index.php?rest_route=\/wp\/v2\/posts\/140\/revisions\/144"}],"wp:attachment":[{"href":"https:\/\/RadarTamaulipas.info\/index.php?rest_route=%2Fwp%2Fv2%2Fmedia&parent=140"}],"wp:term":[{"taxonomy":"category","embeddable":true,"href":"https:\/\/RadarTamaulipas.info\/index.php?rest_route=%2Fwp%2Fv2%2Fcategories&post=140"},{"taxonomy":"post_tag","embeddable":true,"href":"https:\/\/RadarTamaulipas.info\/index.php?rest_route=%2Fwp%2Fv2%2Ftags&post=140"}],"curies":[{"name":"wp","href":"https:\/\/api.w.org\/{rel}","templated":true}]}}