{"id":145,"date":"2026-03-15T02:22:55","date_gmt":"2026-03-15T02:22:55","guid":{"rendered":"https:\/\/radartamaulipas.info\/?p=145"},"modified":"2026-03-15T02:22:56","modified_gmt":"2026-03-15T02:22:56","slug":"seguridad-localiza-a-persona-privada-de-la-libertad-en-victoria","status":"publish","type":"post","link":"https:\/\/RadarTamaulipas.info\/?p=145","title":{"rendered":"Seguridad localiza a persona privada de la libertad en Victoria"},"content":{"rendered":"\n<figure class=\"wp-block-image size-full\"><img loading=\"lazy\" decoding=\"async\" width=\"640\" height=\"480\" src=\"http:\/\/radartamaulipas.info\/wp-content\/uploads\/2026\/03\/IMG-20260314-WA0019.jpg\" alt=\"\" class=\"wp-image-146\" srcset=\"https:\/\/radartamaulipas.info\/wp-content\/uploads\/2026\/03\/IMG-20260314-WA0019.jpg 640w, https:\/\/radartamaulipas.info\/wp-content\/uploads\/2026\/03\/IMG-20260314-WA0019-300x225.jpg 300w\" sizes=\"auto, (max-width: 640px) 100vw, 640px\" \/><\/figure>\n\n\n\n<p><\/p>\n\n\n\n<p>Por: Alfredo Uvalle<\/p>\n\n\n\n<p>Tras atender el reporte de una persona presuntamente privada de la libertad en la colonia Ampliaci\u00f3n Libertad de Ciudad Victoria, se activaron de inmediato los protocolos establecidos y la coordinaci\u00f3n interinstitucional entre las autoridades de seguridad e investigaci\u00f3n.<\/p>\n\n\n\n<p>Minutos m\u00e1s tarde, se logr\u00f3 la localizaci\u00f3n de la persona con vida, misma que fue trasladada ante las autoridades competentes para la realizaci\u00f3n de las diligencias correspondientes.<\/p>\n\n\n\n<p>Las corporaciones policiacas agradecieron a la comunidad su colaboraci\u00f3n con el aporte de informaci\u00f3n a las autoridades, circunstancia que contribuy\u00f3 al desarrollo de esta acci\u00f3n.<\/p>\n\n\n\n<p>Las autoridades continuan con acciones en campo en la capital del estado.<\/p>\n\n\n\n<figure class=\"wp-block-image size-full\"><img loading=\"lazy\" decoding=\"async\" width=\"640\" height=\"480\" src=\"https:\/\/radartamaulipas.info\/wp-content\/uploads\/2026\/03\/IMG-20260314-WA0019.jpg\" alt=\"\" class=\"wp-image-146\" srcset=\"https:\/\/radartamaulipas.info\/wp-content\/uploads\/2026\/03\/IMG-20260314-WA0019.jpg 640w, https:\/\/radartamaulipas.info\/wp-content\/uploads\/2026\/03\/IMG-20260314-WA0019-300x225.jpg 300w\" sizes=\"auto, (max-width: 640px) 100vw, 640px\" \/><\/figure>\n","protected":false},"excerpt":{"rendered":"<p>Por: Alfredo Uvalle Tras atender el reporte de una persona presuntamente privada de la libertad en la colonia<\/p>\n","protected":false},"author":1,"featured_media":0,"comment_status":"open","ping_status":"open","sticky":false,"template":"","format":"standard","meta":{"footnotes":""},"categories":[1],"tags":[],"class_list":["post-145","post","type-post","status-publish","format-standard","hentry","category-tamaulipas"],"_links":{"self":[{"href":"https:\/\/RadarTamaulipas.info\/index.php?rest_route=\/wp\/v2\/posts\/145","targetHints":{"allow":["GET"]}}],"collection":[{"href":"https:\/\/RadarTamaulipas.info\/index.php?rest_route=\/wp\/v2\/posts"}],"about":[{"href":"https:\/\/RadarTamaulipas.info\/index.php?rest_route=\/wp\/v2\/types\/post"}],"author":[{"embeddable":true,"href":"https:\/\/RadarTamaulipas.info\/index.php?rest_route=\/wp\/v2\/users\/1"}],"replies":[{"embeddable":true,"href":"https:\/\/RadarTamaulipas.info\/index.php?rest_route=%2Fwp%2Fv2%2Fcomments&post=145"}],"version-history":[{"count":1,"href":"https:\/\/RadarTamaulipas.info\/index.php?rest_route=\/wp\/v2\/posts\/145\/revisions"}],"predecessor-version":[{"id":147,"href":"https:\/\/RadarTamaulipas.info\/index.php?rest_route=\/wp\/v2\/posts\/145\/revisions\/147"}],"wp:attachment":[{"href":"https:\/\/RadarTamaulipas.info\/index.php?rest_route=%2Fwp%2Fv2%2Fmedia&parent=145"}],"wp:term":[{"taxonomy":"category","embeddable":true,"href":"https:\/\/RadarTamaulipas.info\/index.php?rest_route=%2Fwp%2Fv2%2Fcategories&post=145"},{"taxonomy":"post_tag","embeddable":true,"href":"https:\/\/RadarTamaulipas.info\/index.php?rest_route=%2Fwp%2Fv2%2Ftags&post=145"}],"curies":[{"name":"wp","href":"https:\/\/api.w.org\/{rel}","templated":true}]}}