{"id":188,"date":"2026-02-22T03:55:54","date_gmt":"2026-02-22T03:55:54","guid":{"rendered":"http:\/\/radartamaulipas.info\/?p=188"},"modified":"2026-03-21T05:15:48","modified_gmt":"2026-03-21T05:15:48","slug":"realiza-la-uat-convivencia-deportiva-gran-rodada-10k","status":"publish","type":"post","link":"https:\/\/RadarTamaulipas.info\/?p=188","title":{"rendered":"Realiza la UAT convivencia deportiva Gran Rodada 10K"},"content":{"rendered":"\n<figure class=\"wp-block-image size-full\"><img loading=\"lazy\" decoding=\"async\" width=\"900\" height=\"599\" src=\"https:\/\/radartamaulipas.info\/wp-content\/uploads\/2026\/02\/Realiza-la-UAT-convivencia-deportiva-Gran-Rodada-10K.jpg\" alt=\"\" class=\"wp-image-341\" srcset=\"https:\/\/radartamaulipas.info\/wp-content\/uploads\/2026\/02\/Realiza-la-UAT-convivencia-deportiva-Gran-Rodada-10K.jpg 900w, https:\/\/radartamaulipas.info\/wp-content\/uploads\/2026\/02\/Realiza-la-UAT-convivencia-deportiva-Gran-Rodada-10K-300x200.jpg 300w, https:\/\/radartamaulipas.info\/wp-content\/uploads\/2026\/02\/Realiza-la-UAT-convivencia-deportiva-Gran-Rodada-10K-768x511.jpg 768w\" sizes=\"auto, (max-width: 900px) 100vw, 900px\" \/><\/figure>\n\n\n\n<p>Ciudad Victoria, Tam., 22 de febrero de 2022.<br>El rector de la Universidad Aut\u00f3noma de Tamaulipas, D\u00e1maso Anaya Alvarado, encabez\u00f3 la Gran Rodada UAT 10K, evento deportivo que se desarroll\u00f3 en un ambiente de sana convivencia y que cont\u00f3 con la participaci\u00f3n de m\u00e1s de 300 ciclistas.<br>Al dar el banderazo de salida en la Unidad Deportiva \u201cAdolfo Ru\u00edz Cortines\u201d, el rector D\u00e1maso Anaya resalt\u00f3 la importancia de seguir generando este tipo de espacios, que sirven a la comunidad universitaria para reforzar los lazos de amistad, compa\u00f1erismo y de esp\u00edritu de equipo.<br>Asever\u00f3 que la UAT seguir\u00e1 promoviendo actividades deportivas, culturales y art\u00edsticas, que son importantes para fomentar la cohesi\u00f3n social y desarrollar habilidades como la disciplina y la creatividad en la comunidad.<br>De igual forma, agradeci\u00f3 la participaci\u00f3n de estudiantes, maestros y trabajadores del Campus Victoria; as\u00ed como a las agrupaciones de ciclistas de Ciudad Victoria y a las familias que se sumaron, haciendo un \u00e9xito de esta convivencia.<br>La rodada se desarroll\u00f3 de la Unidad Deportiva \u201cAdolfo Ru\u00edz Cortines\u201d, para tomar la Calle Berriozabal y continuar por la Avenida Francisco I. Madero (calle 17) y continuar por el Paseo \u201cPedro Jos\u00e9 M\u00e9ndez\u201d y el Boulevard Luis Echeverria.<br>Posteriormente, el contingente se dirigi\u00f3 al Boulevard Jos\u00e9 L\u00f3pez Portillo para llegar a la Unidad Deportiva Siglo XXI y de ah\u00ed retornar por el Boulevard Praxedis Balboa hasta la calle Juan B. Tijerina, para concluir en la calle Matamoros frente a la Rector\u00eda de la UAT.<br>Al finalizar el recorrido se ofreci\u00f3 una rifa de obsequios entre los ciclistas participantes. Tambi\u00e9n se cont\u00f3 con la presentaci\u00f3n de grupos musicales de la Universidad.<br>Al evento asistieron funcionarios de la Rector\u00eda y directores de las dependencias acad\u00e9micas del Campus Victoria.<\/p>\n","protected":false},"excerpt":{"rendered":"<p>Ciudad Victoria, Tam., 22 de febrero de 2022.El rector de la Universidad Aut\u00f3noma de Tamaulipas, D\u00e1maso Anaya Alvarado,<\/p>\n","protected":false},"author":1,"featured_media":0,"comment_status":"open","ping_status":"open","sticky":false,"template":"","format":"standard","meta":{"footnotes":""},"categories":[1],"tags":[],"class_list":["post-188","post","type-post","status-publish","format-standard","hentry","category-tamaulipas"],"_links":{"self":[{"href":"https:\/\/RadarTamaulipas.info\/index.php?rest_route=\/wp\/v2\/posts\/188","targetHints":{"allow":["GET"]}}],"collection":[{"href":"https:\/\/RadarTamaulipas.info\/index.php?rest_route=\/wp\/v2\/posts"}],"about":[{"href":"https:\/\/RadarTamaulipas.info\/index.php?rest_route=\/wp\/v2\/types\/post"}],"author":[{"embeddable":true,"href":"https:\/\/RadarTamaulipas.info\/index.php?rest_route=\/wp\/v2\/users\/1"}],"replies":[{"embeddable":true,"href":"https:\/\/RadarTamaulipas.info\/index.php?rest_route=%2Fwp%2Fv2%2Fcomments&post=188"}],"version-history":[{"count":2,"href":"https:\/\/RadarTamaulipas.info\/index.php?rest_route=\/wp\/v2\/posts\/188\/revisions"}],"predecessor-version":[{"id":342,"href":"https:\/\/RadarTamaulipas.info\/index.php?rest_route=\/wp\/v2\/posts\/188\/revisions\/342"}],"wp:attachment":[{"href":"https:\/\/RadarTamaulipas.info\/index.php?rest_route=%2Fwp%2Fv2%2Fmedia&parent=188"}],"wp:term":[{"taxonomy":"category","embeddable":true,"href":"https:\/\/RadarTamaulipas.info\/index.php?rest_route=%2Fwp%2Fv2%2Fcategories&post=188"},{"taxonomy":"post_tag","embeddable":true,"href":"https:\/\/RadarTamaulipas.info\/index.php?rest_route=%2Fwp%2Fv2%2Ftags&post=188"}],"curies":[{"name":"wp","href":"https:\/\/api.w.org\/{rel}","templated":true}]}}