{"id":192,"date":"2026-02-23T04:03:38","date_gmt":"2026-02-23T04:03:38","guid":{"rendered":"http:\/\/radartamaulipas.info\/?p=192"},"modified":"2026-03-15T04:04:32","modified_gmt":"2026-03-15T04:04:32","slug":"lalo-sagastegui-conquista-el-nacional-de-judo-y-enaltece-el-nombre-de-la-uat","status":"publish","type":"post","link":"https:\/\/RadarTamaulipas.info\/?p=192","title":{"rendered":"Lalo Sagastegui conquista el nacional de judo y enaltece el nombre de la UAT"},"content":{"rendered":"\n<figure class=\"wp-block-image size-large\"><img loading=\"lazy\" decoding=\"async\" width=\"768\" height=\"1024\" src=\"http:\/\/radartamaulipas.info\/wp-content\/uploads\/2026\/03\/WhatsApp-Image-2026-03-14-at-8.34.53-PM-768x1024.jpeg\" alt=\"\" class=\"wp-image-193\" srcset=\"https:\/\/radartamaulipas.info\/wp-content\/uploads\/2026\/03\/WhatsApp-Image-2026-03-14-at-8.34.53-PM-768x1024.jpeg 768w, https:\/\/radartamaulipas.info\/wp-content\/uploads\/2026\/03\/WhatsApp-Image-2026-03-14-at-8.34.53-PM-225x300.jpeg 225w, https:\/\/radartamaulipas.info\/wp-content\/uploads\/2026\/03\/WhatsApp-Image-2026-03-14-at-8.34.53-PM-1152x1536.jpeg 1152w, https:\/\/radartamaulipas.info\/wp-content\/uploads\/2026\/03\/WhatsApp-Image-2026-03-14-at-8.34.53-PM.jpeg 1200w\" sizes=\"auto, (max-width: 768px) 100vw, 768px\" \/><\/figure>\n\n\n\n<p>Ciudad Victoria, Tam.; 23 de febrero de 2026.<br>El estudiante de la Universidad Aut\u00f3noma de Tamaulipas (UAT), Eduardo Sagastegui Becerra, se coron\u00f3 campe\u00f3n nacional de judo al obtener la medalla de oro en las categor\u00edas Junior (Sub21) y Senior (Mayores), durante el Torneo Nacional \u00abTomoyoshi Yamaguchi\u00bb 2026, consolid\u00e1ndose como una de las figuras m\u00e1s sobresalientes del alto rendimiento en M\u00e9xico.<br>La competencia, celebrada del 19 al 22 de febrero en Tlaxcala, reuni\u00f3 a delegaciones de 36 entidades del pa\u00eds y represent\u00f3 el principal clasificatorio rumbo a los Juegos Nacionales CONADE 2026.<br>En este escenario de m\u00e1xima exigencia, Sagastegui demostr\u00f3 car\u00e1cter, estrategia y contundencia t\u00e9cnica sobre el tatami, imponi\u00e9ndose ante los mejores exponentes nacionales y confirmando su madurez competitiva.<br>Tras su triunfo, el universitario expres\u00f3 en redes sociales su agradecimiento al rector de la UAT, D\u00e1maso Anaya Alvarado, por el respaldo institucional brindado a su trayectoria deportiva y acad\u00e9mica, reconociendo el impulso que la Universidad otorga a sus atletas de alto rendimiento como parte de su visi\u00f3n de formaci\u00f3n integral.<br>De igual manera, extendi\u00f3 su gratitud al Gobierno del Estado, al Instituto del Deporte de Tamaulipas y a quienes han acompa\u00f1ado su proceso.<br>Sagastegui manifest\u00f3 sentirse muy orgulloso de levantar estas medallas \u201ccon los colores de su casa en el coraz\u00f3n\u201d agradeciendo el acompa\u00f1amiento de su entrenadora, la sensei Ceci Mart\u00ednez; de sus compa\u00f1eros de equipo; de la comunidad deportiva de Tamaulipas; as\u00ed como el respaldo incondicional de su familia.<br>Este resultado no solo consolida a Eduardo Sagastegui dentro de la \u00e9lite nacional del judo, sino que proyecta el talento universitario tamaulipeco a los m\u00e1s altos niveles de competencia.<\/p>\n\n\n\n<figure class=\"wp-block-image size-large\"><img loading=\"lazy\" decoding=\"async\" width=\"1024\" height=\"576\" src=\"http:\/\/radartamaulipas.info\/wp-content\/uploads\/2026\/03\/WhatsApp-Image-2026-03-14-at-8.34.53-PM-1-1024x576.jpeg\" alt=\"\" class=\"wp-image-194\" srcset=\"https:\/\/radartamaulipas.info\/wp-content\/uploads\/2026\/03\/WhatsApp-Image-2026-03-14-at-8.34.53-PM-1-1024x576.jpeg 1024w, https:\/\/radartamaulipas.info\/wp-content\/uploads\/2026\/03\/WhatsApp-Image-2026-03-14-at-8.34.53-PM-1-300x169.jpeg 300w, https:\/\/radartamaulipas.info\/wp-content\/uploads\/2026\/03\/WhatsApp-Image-2026-03-14-at-8.34.53-PM-1-768x432.jpeg 768w, https:\/\/radartamaulipas.info\/wp-content\/uploads\/2026\/03\/WhatsApp-Image-2026-03-14-at-8.34.53-PM-1-1536x864.jpeg 1536w, https:\/\/radartamaulipas.info\/wp-content\/uploads\/2026\/03\/WhatsApp-Image-2026-03-14-at-8.34.53-PM-1.jpeg 1600w\" sizes=\"auto, (max-width: 1024px) 100vw, 1024px\" \/><\/figure>\n\n\n\n<p><\/p>\n","protected":false},"excerpt":{"rendered":"<p>Ciudad Victoria, Tam.; 23 de febrero de 2026.El estudiante de la Universidad Aut\u00f3noma de Tamaulipas (UAT), Eduardo Sagastegui<\/p>\n","protected":false},"author":1,"featured_media":0,"comment_status":"open","ping_status":"open","sticky":false,"template":"","format":"standard","meta":{"footnotes":""},"categories":[1],"tags":[],"class_list":["post-192","post","type-post","status-publish","format-standard","hentry","category-tamaulipas"],"_links":{"self":[{"href":"https:\/\/RadarTamaulipas.info\/index.php?rest_route=\/wp\/v2\/posts\/192","targetHints":{"allow":["GET"]}}],"collection":[{"href":"https:\/\/RadarTamaulipas.info\/index.php?rest_route=\/wp\/v2\/posts"}],"about":[{"href":"https:\/\/RadarTamaulipas.info\/index.php?rest_route=\/wp\/v2\/types\/post"}],"author":[{"embeddable":true,"href":"https:\/\/RadarTamaulipas.info\/index.php?rest_route=\/wp\/v2\/users\/1"}],"replies":[{"embeddable":true,"href":"https:\/\/RadarTamaulipas.info\/index.php?rest_route=%2Fwp%2Fv2%2Fcomments&post=192"}],"version-history":[{"count":1,"href":"https:\/\/RadarTamaulipas.info\/index.php?rest_route=\/wp\/v2\/posts\/192\/revisions"}],"predecessor-version":[{"id":195,"href":"https:\/\/RadarTamaulipas.info\/index.php?rest_route=\/wp\/v2\/posts\/192\/revisions\/195"}],"wp:attachment":[{"href":"https:\/\/RadarTamaulipas.info\/index.php?rest_route=%2Fwp%2Fv2%2Fmedia&parent=192"}],"wp:term":[{"taxonomy":"category","embeddable":true,"href":"https:\/\/RadarTamaulipas.info\/index.php?rest_route=%2Fwp%2Fv2%2Fcategories&post=192"},{"taxonomy":"post_tag","embeddable":true,"href":"https:\/\/RadarTamaulipas.info\/index.php?rest_route=%2Fwp%2Fv2%2Ftags&post=192"}],"curies":[{"name":"wp","href":"https:\/\/api.w.org\/{rel}","templated":true}]}}