{"id":211,"date":"2026-03-16T18:06:58","date_gmt":"2026-03-16T18:06:58","guid":{"rendered":"https:\/\/radartamaulipas.info\/?p=211"},"modified":"2026-03-16T18:10:28","modified_gmt":"2026-03-16T18:10:28","slug":"fuertes-vientos-causan-danos-en-ciudad-victoria-activa-municipio-operativo-de-limpieza","status":"publish","type":"post","link":"https:\/\/RadarTamaulipas.info\/?p=211","title":{"rendered":"Fuertes vientos causan da\u00f1os en Ciudad Victoria Activa Municipio operativo de limpieza"},"content":{"rendered":"\n<figure class=\"wp-block-image size-full\"><img loading=\"lazy\" decoding=\"async\" width=\"804\" height=\"468\" src=\"http:\/\/radartamaulipas.info\/wp-content\/uploads\/2026\/03\/IMG-20260316-WA0002.jpg\" alt=\"\" class=\"wp-image-212\" srcset=\"https:\/\/radartamaulipas.info\/wp-content\/uploads\/2026\/03\/IMG-20260316-WA0002.jpg 804w, https:\/\/radartamaulipas.info\/wp-content\/uploads\/2026\/03\/IMG-20260316-WA0002-300x175.jpg 300w, https:\/\/radartamaulipas.info\/wp-content\/uploads\/2026\/03\/IMG-20260316-WA0002-768x447.jpg 768w\" sizes=\"auto, (max-width: 804px) 100vw, 804px\" \/><\/figure>\n\n\n\n<p>Fuertes vientos causan da\u00f1os en Ciudad Victoria<br>Activa Municipio operativo de limpieza<\/p>\n\n\n\n<p>Por: Alfredo Uvalle<\/p>\n\n\n\n<p>Esta madrugada se registraron rachas de viento de 80 a 95 km por hora en Ciudad Victoria, inform\u00f3 el comandante de Protecci\u00f3n Civil Municipal, Juan Jos\u00e9 Perales Jaramillo.<\/p>\n\n\n\n<p>Este fen\u00f3meno dej\u00f3 como saldo seis sem\u00e1foros fuera de servicio, ocho \u00e1rboles ca\u00eddos, uno de los cuales cay\u00f3 encima de un poste que arrastr\u00f3 cables de luz en el sector del 28 y 29 Felipe Berrioz\u00e1bal, dejando sin el suministro de energ\u00eda el\u00e9ctrica, a varias familias que habitan en el sector.<\/p>\n\n\n\n<p>Un espectacular cay\u00f3 encima de una fruter\u00eda provocando da\u00f1os materiales, pero sin que se registraran personas lesionadas a la altura de la avenida de la unidad en la entrada principal de los campos deportivos, la estructura se desprendi\u00f3 desde su base.<\/p>\n\n\n\n<p>El techo de l\u00e1mina de un negocio de mariscos se desprendi\u00f3, quedando las l\u00e1minas y pedazos de madera sobre el acotamiento del Libramiento Naciones Unidas con eje vial norte sur, en este mismo sector la pluma met\u00e1lica del lado sur, que se ubica en las v\u00edas del tren, se vino abajo con los fuertes vientos.<\/p>\n\n\n\n<p>En la Avenida del Maestro del Fraccionamiento Las Flores, las ramas de un enorme ficus golpearon los cables de alta tensi\u00f3n de la Comisi\u00f3n Federal de Electricidad (CFE), provocando un conato de incendio.<br>Por instrucciones del alcalde Eduardo Gatt\u00e1s B\u00e1ez, personal de Servicios P\u00fablicos y de la Coordinaci\u00f3n de Protecci\u00f3n Civil del gobierno de Victoria, se despleg\u00f3 un operativo de limpieza y atenci\u00f3n a reportes ciudadanos derivados de los fuertes vientos.<\/p>\n\n\n\n<p>El personal procedi\u00f3 al retiro de ramas de \u00e1rbol y palmeras para restablecer la vialidad en las calles Michoac\u00e1n, 8 Matamoros, avenidas Del Valle, Teocaltiche, Hombres Ilustres, Carrera Torres y Tamat\u00e1n.<\/p>\n\n\n\n<p>Por su parte, Protecci\u00f3n Civil acudi\u00f3 a distintos puntos de la ciudad para valorar la ca\u00edda de cables de electricidad y verificaci\u00f3n de anuncios espectaculares para evitar accidentes en la v\u00eda peatonal y vehicular, d\u00f3nde hasta el momento se registra saldo blanco.<\/p>\n\n\n\n<p>La Coordinaci\u00f3n Municipal de Protecci\u00f3n Civil, advirti\u00f3 que las rachas de viento pueden provocar la ca\u00edda de \u00e1rboles, cables el\u00e9ctricos o estructuras, generando situaciones de riesgo para la poblaci\u00f3n, frente a este tipo de fen\u00f3menos se recomienda:<\/p>\n\n\n\n<p>Evitar transitar cerca de \u00e1rboles o pestes de luz, alejarse de cables el\u00e9ctricos ca\u00eddos, evitar resguardarse debajo de estructuras inestables y reportar cualquier situaci\u00f3n de riesgo al n\u00famero de emergencias 911.<\/p>\n\n\n\n<figure class=\"wp-block-image size-full\"><img loading=\"lazy\" decoding=\"async\" width=\"804\" height=\"468\" src=\"https:\/\/radartamaulipas.info\/wp-content\/uploads\/2026\/03\/IMG-20260316-WA0002.jpg\" alt=\"\" class=\"wp-image-212\" srcset=\"https:\/\/radartamaulipas.info\/wp-content\/uploads\/2026\/03\/IMG-20260316-WA0002.jpg 804w, https:\/\/radartamaulipas.info\/wp-content\/uploads\/2026\/03\/IMG-20260316-WA0002-300x175.jpg 300w, https:\/\/radartamaulipas.info\/wp-content\/uploads\/2026\/03\/IMG-20260316-WA0002-768x447.jpg 768w\" sizes=\"auto, (max-width: 804px) 100vw, 804px\" \/><\/figure>\n","protected":false},"excerpt":{"rendered":"<p>Fuertes vientos causan da\u00f1os en Ciudad VictoriaActiva Municipio operativo de limpieza Por: Alfredo Uvalle Esta madrugada se registraron<\/p>\n","protected":false},"author":1,"featured_media":0,"comment_status":"open","ping_status":"open","sticky":false,"template":"","format":"standard","meta":{"footnotes":""},"categories":[1],"tags":[],"class_list":["post-211","post","type-post","status-publish","format-standard","hentry","category-tamaulipas"],"_links":{"self":[{"href":"https:\/\/RadarTamaulipas.info\/index.php?rest_route=\/wp\/v2\/posts\/211","targetHints":{"allow":["GET"]}}],"collection":[{"href":"https:\/\/RadarTamaulipas.info\/index.php?rest_route=\/wp\/v2\/posts"}],"about":[{"href":"https:\/\/RadarTamaulipas.info\/index.php?rest_route=\/wp\/v2\/types\/post"}],"author":[{"embeddable":true,"href":"https:\/\/RadarTamaulipas.info\/index.php?rest_route=\/wp\/v2\/users\/1"}],"replies":[{"embeddable":true,"href":"https:\/\/RadarTamaulipas.info\/index.php?rest_route=%2Fwp%2Fv2%2Fcomments&post=211"}],"version-history":[{"count":2,"href":"https:\/\/RadarTamaulipas.info\/index.php?rest_route=\/wp\/v2\/posts\/211\/revisions"}],"predecessor-version":[{"id":218,"href":"https:\/\/RadarTamaulipas.info\/index.php?rest_route=\/wp\/v2\/posts\/211\/revisions\/218"}],"wp:attachment":[{"href":"https:\/\/RadarTamaulipas.info\/index.php?rest_route=%2Fwp%2Fv2%2Fmedia&parent=211"}],"wp:term":[{"taxonomy":"category","embeddable":true,"href":"https:\/\/RadarTamaulipas.info\/index.php?rest_route=%2Fwp%2Fv2%2Fcategories&post=211"},{"taxonomy":"post_tag","embeddable":true,"href":"https:\/\/RadarTamaulipas.info\/index.php?rest_route=%2Fwp%2Fv2%2Ftags&post=211"}],"curies":[{"name":"wp","href":"https:\/\/api.w.org\/{rel}","templated":true}]}}