{"id":22,"date":"2026-02-02T03:34:56","date_gmt":"2026-02-02T03:34:56","guid":{"rendered":"http:\/\/radartamaulipas.info\/?p=22"},"modified":"2026-03-13T02:56:48","modified_gmt":"2026-03-13T02:56:48","slug":"ofertan-mas-de-mil-vacantes-en-feria-nacional-de","status":"publish","type":"post","link":"https:\/\/RadarTamaulipas.info\/?p=22","title":{"rendered":"Ofertan m\u00e1s de mil vacantes en Feria Nacional."},"content":{"rendered":"\n<p>Tampico, Tamaulipas.- Con la participaci\u00f3n de decenas de empresas y la oferta de<br>m\u00e1s de mil vacantes, se llev\u00f3 a cabo la&nbsp;Feria Nacional de Empleo para la Mujer<br>Tampico 2026, un evento dise\u00f1ado para acercar oportunidades laborales a<br>buscadoras de empleo de la zona sur de Tamaulipas.<br>La jornada reuni\u00f3 a&nbsp;95 empresas&nbsp;de los sectores comercial, industrial, de servicios<br>y gubernamental, las cuales pusieron a disposici\u00f3n&nbsp;alrededor de 1,200<br>vacantes&nbsp;dirigidas a operarias, t\u00e9cnicas y profesionistas.<br>Durante el evento, el secretario del Trabajo y Previsi\u00f3n Social de Tamaulipas,&nbsp;Luis<br>Gerardo Illoldi Reyes, destac\u00f3 la importancia de generar espacios que faciliten el<br>contacto directo entre empresas y personas en b\u00fasqueda de empleo.<br>La feria permiti\u00f3 que las participantes recibieran atenci\u00f3n personalizada por parte<br>de los representantes de las compa\u00f1\u00edas, adem\u00e1s de participar en entrevistas<br>laborales y procesos de reclutamiento que, en algunos casos, pueden derivar en<br>contrataciones inmediatas.<br>En el encuentro participaron autoridades estatales, municipales y representantes<br>del sector empresarial, entre ellos; Nora Izaguirre Acevedo, directora de Desarrollo<br>Econ\u00f3mico de Tampico, Dunia Maron Acu\u00f1a, presidenta del Sistema DIF Madero,<br>Gabriela Regalado Fuentes, diputada presidenta de la Comisi\u00f3n del Trabajo en el<br>Congreso de Tamaulipas, a las diputadas \u00darsula Patricia Salazar Mojica y Cinthia<br>Lizabeth Jaime Castillo.<br>Tambi\u00e9n asistieron representantes del sector empresarial, c\u00e1maras de comercio,<br>instituciones educativas y organismos de capacitaci\u00f3n, quienes coincidieron en la<br>importancia de fortalecer la vinculaci\u00f3n entre el sector productivo y quienes<br>buscan integrarse al mercado laboral.<br>El evento forma parte de las estrategias de vinculaci\u00f3n laboral impulsadas en el<br>estado para ampliar las oportunidades de empleo y fortalecer la participaci\u00f3n de<br>las mujeres en el desarrollo econ\u00f3mico regional.<\/p>\n\n\n\n<figure class=\"wp-block-image size-full\"><img loading=\"lazy\" decoding=\"async\" width=\"899\" height=\"599\" src=\"http:\/\/radartamaulipas.info\/wp-content\/uploads\/2026\/03\/STR-037-2026.-Ofertan-mas-de-mil-vacantes-en-Feria-Nacional-de-Empleo-para-la-Mujer-en-Tampico-1.jpeg\" alt=\"\" class=\"wp-image-23\" srcset=\"https:\/\/radartamaulipas.info\/wp-content\/uploads\/2026\/03\/STR-037-2026.-Ofertan-mas-de-mil-vacantes-en-Feria-Nacional-de-Empleo-para-la-Mujer-en-Tampico-1.jpeg 899w, https:\/\/radartamaulipas.info\/wp-content\/uploads\/2026\/03\/STR-037-2026.-Ofertan-mas-de-mil-vacantes-en-Feria-Nacional-de-Empleo-para-la-Mujer-en-Tampico-1-300x200.jpeg 300w, https:\/\/radartamaulipas.info\/wp-content\/uploads\/2026\/03\/STR-037-2026.-Ofertan-mas-de-mil-vacantes-en-Feria-Nacional-de-Empleo-para-la-Mujer-en-Tampico-1-768x512.jpeg 768w\" sizes=\"auto, (max-width: 899px) 100vw, 899px\" \/><\/figure>\n\n\n\n<p><\/p>\n","protected":false},"excerpt":{"rendered":"<p>Tampico, Tamaulipas.- Con la participaci\u00f3n de decenas de empresas y la oferta dem\u00e1s de mil vacantes, se llev\u00f3<\/p>\n","protected":false},"author":1,"featured_media":0,"comment_status":"open","ping_status":"open","sticky":false,"template":"","format":"standard","meta":{"footnotes":""},"categories":[1],"tags":[],"class_list":["post-22","post","type-post","status-publish","format-standard","hentry","category-tamaulipas"],"_links":{"self":[{"href":"https:\/\/RadarTamaulipas.info\/index.php?rest_route=\/wp\/v2\/posts\/22","targetHints":{"allow":["GET"]}}],"collection":[{"href":"https:\/\/RadarTamaulipas.info\/index.php?rest_route=\/wp\/v2\/posts"}],"about":[{"href":"https:\/\/RadarTamaulipas.info\/index.php?rest_route=\/wp\/v2\/types\/post"}],"author":[{"embeddable":true,"href":"https:\/\/RadarTamaulipas.info\/index.php?rest_route=\/wp\/v2\/users\/1"}],"replies":[{"embeddable":true,"href":"https:\/\/RadarTamaulipas.info\/index.php?rest_route=%2Fwp%2Fv2%2Fcomments&post=22"}],"version-history":[{"count":2,"href":"https:\/\/RadarTamaulipas.info\/index.php?rest_route=\/wp\/v2\/posts\/22\/revisions"}],"predecessor-version":[{"id":26,"href":"https:\/\/RadarTamaulipas.info\/index.php?rest_route=\/wp\/v2\/posts\/22\/revisions\/26"}],"wp:attachment":[{"href":"https:\/\/RadarTamaulipas.info\/index.php?rest_route=%2Fwp%2Fv2%2Fmedia&parent=22"}],"wp:term":[{"taxonomy":"category","embeddable":true,"href":"https:\/\/RadarTamaulipas.info\/index.php?rest_route=%2Fwp%2Fv2%2Fcategories&post=22"},{"taxonomy":"post_tag","embeddable":true,"href":"https:\/\/RadarTamaulipas.info\/index.php?rest_route=%2Fwp%2Fv2%2Ftags&post=22"}],"curies":[{"name":"wp","href":"https:\/\/api.w.org\/{rel}","templated":true}]}}