{"id":220,"date":"2026-03-16T18:15:50","date_gmt":"2026-03-16T18:15:50","guid":{"rendered":"https:\/\/radartamaulipas.info\/?p=220"},"modified":"2026-03-16T18:15:51","modified_gmt":"2026-03-16T18:15:51","slug":"gradua-uat-a-la-primera-generacion-de-maestria-en-innovacion-educativa-y-tecnologias-para-el-aprendizaje","status":"publish","type":"post","link":"https:\/\/RadarTamaulipas.info\/?p=220","title":{"rendered":"Grad\u00faa UAT a la primera generaci\u00f3n de Maestr\u00eda en Innovaci\u00f3n Educativa y Tecnolog\u00edas para el Aprendizaje"},"content":{"rendered":"\n<figure class=\"wp-block-image size-large\"><img loading=\"lazy\" decoding=\"async\" width=\"1024\" height=\"778\" src=\"https:\/\/radartamaulipas.info\/wp-content\/uploads\/2026\/03\/IMG-20260316-WA0003-1024x778.jpg\" alt=\"\" class=\"wp-image-221\" srcset=\"https:\/\/radartamaulipas.info\/wp-content\/uploads\/2026\/03\/IMG-20260316-WA0003-1024x778.jpg 1024w, https:\/\/radartamaulipas.info\/wp-content\/uploads\/2026\/03\/IMG-20260316-WA0003-300x228.jpg 300w, https:\/\/radartamaulipas.info\/wp-content\/uploads\/2026\/03\/IMG-20260316-WA0003-768x583.jpg 768w, https:\/\/radartamaulipas.info\/wp-content\/uploads\/2026\/03\/IMG-20260316-WA0003.jpg 1280w\" sizes=\"auto, (max-width: 1024px) 100vw, 1024px\" \/><\/figure>\n\n\n\n<p><br>Como parte de la transformaci\u00f3n acad\u00e9mica impulsada por el rector D\u00e1maso Anaya Alvarado, la<br>Universidad Aut\u00f3noma de Tamaulipas (UAT) celebr\u00f3 la graduaci\u00f3n de la primera generaci\u00f3n de la<br>Maestr\u00eda en Innovaci\u00f3n Educativa y Tecnolog\u00edas para el Aprendizaje, cuyo programa es impartido<br>totalmente en l\u00ednea.<br>En su mensaje, dirigido a las y los egresados, el rector de la UAT destac\u00f3 que este programa,<br>impulsado desde la Unidad Acad\u00e9mica Multidisciplinaria Valle Hermoso (UAM VH), simboliza el<br>inicio de una nueva etapa para la Universidad, en la que la educaci\u00f3n superior evoluciona para<br>responder a los retos de una sociedad cada vez m\u00e1s interconectada y din\u00e1mica.<br>Damaso Anaya felicit\u00f3 a la generaci\u00f3n 2024-2025 de esta Maestr\u00eda, que desde su origen, forma<br>parte del Sistema Nacional de Posgrado, lo que fortalece su calidad acad\u00e9mica y su proyecci\u00f3n a<br>nivel nacional.<br>Asimismo, reconoci\u00f3 el impulso de la Unidad Acad\u00e9mica Multidisciplinaria Valle Hermoso, para<br>consolidar este proyecto educativo que hoy se posiciona como un referente del compromiso<br>institucional con la innovaci\u00f3n y el fortalecimiento del posgrado.<br>Enfatiz\u00f3 que este logro representa uno de los avances m\u00e1s relevantes dentro de la estrategia de<br>modernizaci\u00f3n educativa que impulsa su administraci\u00f3n, orientada a fortalecer la innovaci\u00f3n<br>acad\u00e9mica, ampliar el acceso a estudios de posgrado y consolidar el uso de tecnolog\u00edas para el<br>aprendizaje como parte fundamental del modelo educativo universitario.<br>La ceremonia de graduaci\u00f3n se llev\u00f3 a cabo en un significativo acto encabezado por el director de<br>la UAM VH, Jes\u00fas Roberto Garc\u00eda Sandoval, con la participaci\u00f3n de manera virtual de autoridades<br>universitarias que se sumaron a este importante momento para la comunidad acad\u00e9mica. La graduaci\u00f3n de esta primera generaci\u00f3n reafirma el compromiso de la Universidad Aut\u00f3noma de<br>Tamaulipas con la innovaci\u00f3n educativa y la transformaci\u00f3n institucional promovida por el rector<br>D\u00e1maso Anaya Alvarado, consolidando nuevas rutas de formaci\u00f3n profesional que fortalecen la<br>calidad acad\u00e9mica y ampl\u00edan las oportunidades de desarrollo para la comunidad universitaria y la<br>sociedad.<\/p>\n\n\n\n<p><\/p>\n","protected":false},"excerpt":{"rendered":"<p>Como parte de la transformaci\u00f3n acad\u00e9mica impulsada por el rector D\u00e1maso Anaya Alvarado, laUniversidad Aut\u00f3noma de Tamaulipas (UAT)<\/p>\n","protected":false},"author":1,"featured_media":0,"comment_status":"open","ping_status":"open","sticky":false,"template":"","format":"standard","meta":{"footnotes":""},"categories":[1],"tags":[],"class_list":["post-220","post","type-post","status-publish","format-standard","hentry","category-tamaulipas"],"_links":{"self":[{"href":"https:\/\/RadarTamaulipas.info\/index.php?rest_route=\/wp\/v2\/posts\/220","targetHints":{"allow":["GET"]}}],"collection":[{"href":"https:\/\/RadarTamaulipas.info\/index.php?rest_route=\/wp\/v2\/posts"}],"about":[{"href":"https:\/\/RadarTamaulipas.info\/index.php?rest_route=\/wp\/v2\/types\/post"}],"author":[{"embeddable":true,"href":"https:\/\/RadarTamaulipas.info\/index.php?rest_route=\/wp\/v2\/users\/1"}],"replies":[{"embeddable":true,"href":"https:\/\/RadarTamaulipas.info\/index.php?rest_route=%2Fwp%2Fv2%2Fcomments&post=220"}],"version-history":[{"count":1,"href":"https:\/\/RadarTamaulipas.info\/index.php?rest_route=\/wp\/v2\/posts\/220\/revisions"}],"predecessor-version":[{"id":222,"href":"https:\/\/RadarTamaulipas.info\/index.php?rest_route=\/wp\/v2\/posts\/220\/revisions\/222"}],"wp:attachment":[{"href":"https:\/\/RadarTamaulipas.info\/index.php?rest_route=%2Fwp%2Fv2%2Fmedia&parent=220"}],"wp:term":[{"taxonomy":"category","embeddable":true,"href":"https:\/\/RadarTamaulipas.info\/index.php?rest_route=%2Fwp%2Fv2%2Fcategories&post=220"},{"taxonomy":"post_tag","embeddable":true,"href":"https:\/\/RadarTamaulipas.info\/index.php?rest_route=%2Fwp%2Fv2%2Ftags&post=220"}],"curies":[{"name":"wp","href":"https:\/\/api.w.org\/{rel}","templated":true}]}}