{"id":232,"date":"2026-03-17T17:58:01","date_gmt":"2026-03-17T17:58:01","guid":{"rendered":"https:\/\/radartamaulipas.info\/?p=232"},"modified":"2026-03-25T04:35:17","modified_gmt":"2026-03-25T04:35:17","slug":"se-registra-agresion-por-arma-de-fuego-en-victoria","status":"publish","type":"post","link":"https:\/\/RadarTamaulipas.info\/?p=232","title":{"rendered":"Se registra agresi\u00f3n por arma de fuego en Victoria"},"content":{"rendered":"\n<figure class=\"wp-block-image size-full\"><img loading=\"lazy\" decoding=\"async\" width=\"398\" height=\"690\" src=\"http:\/\/radartamaulipas.info\/wp-content\/uploads\/2026\/03\/IMG-20260317-WA0003.jpg\" alt=\"\" class=\"wp-image-233\" srcset=\"https:\/\/radartamaulipas.info\/wp-content\/uploads\/2026\/03\/IMG-20260317-WA0003.jpg 398w, https:\/\/radartamaulipas.info\/wp-content\/uploads\/2026\/03\/IMG-20260317-WA0003-173x300.jpg 173w\" sizes=\"auto, (max-width: 398px) 100vw, 398px\" \/><\/figure>\n\n\n\n<p>Por: Alfredo Uvalle<\/p>\n\n\n\n<p>La Vocer\u00eda de Seguridad de Tamaulipas, inform\u00f3 que autoridades de seguridad mantienen recorridos de vigilancia y prevenci\u00f3n en la zona centro de Ciudad Victoria y colonias aleda\u00f1as, tras el reporte de detonaciones de arma de fuego presuntamente realizadas desde una camioneta color negro, a la altura de la calle Bernardo Guti\u00e9rrez de Lara. Elementos de distintas corporaciones se encuentran en el \u00e1rea implementando operativos para la localizaci\u00f3n de los responsables y el reforzamiento de la seguridad. De acuerdo con las primeras versiones se trata de una agresi\u00f3n directa a un elemento de la Guardia Estatal de la Secretar\u00eda de Seguridad P\u00fablica, sin embargo, hasta el momento la autoridad no lo ha confirmado. En estos momentos se registra gran movilizaci\u00f3n de unidades de la Guardia Estatal y de la Polic\u00eda Investigadora de la fiscal\u00eda general de Justicia del Estado de Tamaulipas (FGJET) y de la Guardia Nacional, al operativo desplegado en la capital del estado se suma un helic\u00f3ptero de la secretaria de Seguridad P\u00fablica, informaci\u00f3n en desarrollo.<\/p>\n","protected":false},"excerpt":{"rendered":"<p>Por: Alfredo Uvalle La Vocer\u00eda de Seguridad de Tamaulipas, inform\u00f3 que autoridades de seguridad mantienen recorridos de vigilancia<\/p>\n","protected":false},"author":1,"featured_media":0,"comment_status":"open","ping_status":"open","sticky":false,"template":"","format":"standard","meta":{"footnotes":""},"categories":[3],"tags":[],"class_list":["post-232","post","type-post","status-publish","format-standard","hentry","category-seguridad"],"_links":{"self":[{"href":"https:\/\/RadarTamaulipas.info\/index.php?rest_route=\/wp\/v2\/posts\/232","targetHints":{"allow":["GET"]}}],"collection":[{"href":"https:\/\/RadarTamaulipas.info\/index.php?rest_route=\/wp\/v2\/posts"}],"about":[{"href":"https:\/\/RadarTamaulipas.info\/index.php?rest_route=\/wp\/v2\/types\/post"}],"author":[{"embeddable":true,"href":"https:\/\/RadarTamaulipas.info\/index.php?rest_route=\/wp\/v2\/users\/1"}],"replies":[{"embeddable":true,"href":"https:\/\/RadarTamaulipas.info\/index.php?rest_route=%2Fwp%2Fv2%2Fcomments&post=232"}],"version-history":[{"count":2,"href":"https:\/\/RadarTamaulipas.info\/index.php?rest_route=\/wp\/v2\/posts\/232\/revisions"}],"predecessor-version":[{"id":290,"href":"https:\/\/RadarTamaulipas.info\/index.php?rest_route=\/wp\/v2\/posts\/232\/revisions\/290"}],"wp:attachment":[{"href":"https:\/\/RadarTamaulipas.info\/index.php?rest_route=%2Fwp%2Fv2%2Fmedia&parent=232"}],"wp:term":[{"taxonomy":"category","embeddable":true,"href":"https:\/\/RadarTamaulipas.info\/index.php?rest_route=%2Fwp%2Fv2%2Fcategories&post=232"},{"taxonomy":"post_tag","embeddable":true,"href":"https:\/\/RadarTamaulipas.info\/index.php?rest_route=%2Fwp%2Fv2%2Ftags&post=232"}],"curies":[{"name":"wp","href":"https:\/\/api.w.org\/{rel}","templated":true}]}}