{"id":239,"date":"2026-03-17T21:05:18","date_gmt":"2026-03-17T21:05:18","guid":{"rendered":"https:\/\/radartamaulipas.info\/?p=239"},"modified":"2026-03-17T21:07:07","modified_gmt":"2026-03-17T21:07:07","slug":"confirma-americo-villarreal-cambios-en-su-gabinete","status":"publish","type":"post","link":"https:\/\/RadarTamaulipas.info\/?p=239","title":{"rendered":"Confirma Am\u00e9rico Villarreal cambios en su gabinete"},"content":{"rendered":"\n<figure class=\"wp-block-image size-full\"><img loading=\"lazy\" decoding=\"async\" width=\"297\" height=\"403\" src=\"https:\/\/radartamaulipas.info\/wp-content\/uploads\/2026\/03\/IMG-20260317-WA0016.jpg\" alt=\"\" class=\"wp-image-244\" srcset=\"https:\/\/radartamaulipas.info\/wp-content\/uploads\/2026\/03\/IMG-20260317-WA0016.jpg 297w, https:\/\/radartamaulipas.info\/wp-content\/uploads\/2026\/03\/IMG-20260317-WA0016-221x300.jpg 221w\" sizes=\"auto, (max-width: 297px) 100vw, 297px\" \/><\/figure>\n\n\n\n<p>Por: Alfredo Uvalle<\/p>\n\n\n\n<p>El gobernador de Tamaulipas, Am\u00e9rico Villarreal Anaya, abord\u00f3 los cambios en su gabinete durante una reciente conferencia de prensa. Al ser cuestionado por los medios de comunicaci\u00f3n, Villarreal Anaya manifest\u00f3:<\/p>\n\n\n\n<p>\u201cLo vamos a platicar en su momento con mucho gusto, ya que los tengamos todos, les informamos\u201d.<\/p>\n\n\n\n<p>Cuando se le pregunt\u00f3 sobre la confirmaci\u00f3n del nuevo secretario de Salud, Villarreal respondi\u00f3:<\/p>\n\n\n\n<p>\u201cAs\u00ed es\u201d.<\/p>\n\n\n\n<p>En cuanto a qui\u00e9n tomar\u00e1 el cargo, el gobernador indic\u00f3:<\/p>\n\n\n\n<p>\u201cUna gran doctora, una mujer, para que tambi\u00e9n est\u00e9 una dama al frente de los servicios de salud de Tamaulipas\u201d.<\/p>\n\n\n\n<p>\u201cVienen otros cambios en estos d\u00edas\u201d.<\/p>\n\n\n\n<p>Este anuncio se realiz\u00f3 durante su participaci\u00f3n como invitado especial en la toma de protesta de la doctora M\u00f3nica S\u00e1nchez Lim\u00f3n como directora de la Facultad de Comercio y Administraci\u00f3n Victoria, evento presidido por D\u00e1maso Anaya Alvarado, Rector de la Universidad Aut\u00f3noma de Tamaulipas. Villarreal Anaya se\u00f1al\u00f3 que en breve se dar\u00e1n a conocer los cambios en su gabinete.<\/p>\n\n\n\n<p>Tras la renuncia del secretario de Salud del gobierno estatal, se menciona que la nueva titular de la dependencia ser\u00eda la doctora Adriana Marcela Hern\u00e1ndez Campos, especialista en Medicina Interna.<\/p>\n\n\n\n<p>Adem\u00e1s, en otro cambio en la administraci\u00f3n estatal, Francisco Cuellar Cardona anunci\u00f3 su renuncia como Coordinador de Comunicaci\u00f3n Social a trav\u00e9s de un video. En su mensaje, Cuellar Cardona declar\u00f3:<\/p>\n\n\n\n<p>\u201cEn la vida hay ciclos que se cumplen y deben cerrarse con responsabilidad. Hoy, en lo personal y en lo profesional, he decidido cerrar una etapa. Les informo que present\u00e9 mi renuncia al gobernador Am\u00e9rico Villarreal Anaya al cargo de coordinador general de comunicaci\u00f3n social del gobierno del Estado. Fueron tres a\u00f1os y medio de trabajo intenso, sin contar el tiempo en que iniciamos al lado del doctor Am\u00e9rico este gran proyecto para transformar Tamaulipas\u201d.<\/p>\n\n\n\n<p>Cuellar Cardona concluy\u00f3 su mensaje afirmando:<\/p>\n\n\n\n<p>\u201cEl periodista nace, crece y muere siendo periodista. Por eso, cuando estuve en el servicio p\u00fablico, nunca dej\u00e9 de ser lo que he sido toda mi vida: periodista\u201d.<\/p>\n","protected":false},"excerpt":{"rendered":"<p>Por: Alfredo Uvalle El gobernador de Tamaulipas, Am\u00e9rico Villarreal Anaya, abord\u00f3 los cambios en su gabinete durante una<\/p>\n","protected":false},"author":1,"featured_media":0,"comment_status":"open","ping_status":"open","sticky":false,"template":"","format":"standard","meta":{"footnotes":""},"categories":[1],"tags":[],"class_list":["post-239","post","type-post","status-publish","format-standard","hentry","category-tamaulipas"],"_links":{"self":[{"href":"https:\/\/RadarTamaulipas.info\/index.php?rest_route=\/wp\/v2\/posts\/239","targetHints":{"allow":["GET"]}}],"collection":[{"href":"https:\/\/RadarTamaulipas.info\/index.php?rest_route=\/wp\/v2\/posts"}],"about":[{"href":"https:\/\/RadarTamaulipas.info\/index.php?rest_route=\/wp\/v2\/types\/post"}],"author":[{"embeddable":true,"href":"https:\/\/RadarTamaulipas.info\/index.php?rest_route=\/wp\/v2\/users\/1"}],"replies":[{"embeddable":true,"href":"https:\/\/RadarTamaulipas.info\/index.php?rest_route=%2Fwp%2Fv2%2Fcomments&post=239"}],"version-history":[{"count":2,"href":"https:\/\/RadarTamaulipas.info\/index.php?rest_route=\/wp\/v2\/posts\/239\/revisions"}],"predecessor-version":[{"id":245,"href":"https:\/\/RadarTamaulipas.info\/index.php?rest_route=\/wp\/v2\/posts\/239\/revisions\/245"}],"wp:attachment":[{"href":"https:\/\/RadarTamaulipas.info\/index.php?rest_route=%2Fwp%2Fv2%2Fmedia&parent=239"}],"wp:term":[{"taxonomy":"category","embeddable":true,"href":"https:\/\/RadarTamaulipas.info\/index.php?rest_route=%2Fwp%2Fv2%2Fcategories&post=239"},{"taxonomy":"post_tag","embeddable":true,"href":"https:\/\/RadarTamaulipas.info\/index.php?rest_route=%2Fwp%2Fv2%2Ftags&post=239"}],"curies":[{"name":"wp","href":"https:\/\/api.w.org\/{rel}","templated":true}]}}