{"id":249,"date":"2026-03-18T21:06:33","date_gmt":"2026-03-18T21:06:33","guid":{"rendered":"https:\/\/RadarTamaulipas.info\/?p=249"},"modified":"2026-03-18T21:23:08","modified_gmt":"2026-03-18T21:23:08","slug":"nuevos-secretarios-del-gabinete-podrian-no-comparecer-en-el-congreso","status":"publish","type":"post","link":"https:\/\/RadarTamaulipas.info\/?p=249","title":{"rendered":"Nuevos Secretarios del Gabinete Podr\u00edan No Comparecer en el Congreso"},"content":{"rendered":"\n<figure class=\"wp-block-image size-full\"><img loading=\"lazy\" decoding=\"async\" width=\"944\" height=\"696\" src=\"https:\/\/radartamaulipas.info\/wp-content\/uploads\/2026\/03\/IMG-20260318-WA0017.jpg\" alt=\"\" class=\"wp-image-250\" srcset=\"https:\/\/radartamaulipas.info\/wp-content\/uploads\/2026\/03\/IMG-20260318-WA0017.jpg 944w, https:\/\/radartamaulipas.info\/wp-content\/uploads\/2026\/03\/IMG-20260318-WA0017-300x221.jpg 300w, https:\/\/radartamaulipas.info\/wp-content\/uploads\/2026\/03\/IMG-20260318-WA0017-768x566.jpg 768w\" sizes=\"auto, (max-width: 944px) 100vw, 944px\" \/><\/figure>\n\n\n\n<p>\u201cApenas van llegando al cargo\u201d<\/p>\n\n\n\n<p>Por Alfredo Uvalle.<\/p>\n\n\n\n<p>El presidente de la Junta de Gobierno del Congreso del Estado, el diputado morenista H\u00e9ctor Prieto Herrera, anunci\u00f3 en la ma\u00f1anera legislativa que ser\u00e1 hasta despu\u00e9s de las vacaciones de Semana Santa cuando los titulares de todas las secretar\u00edas del poder ejecutivo asistan en comisiones o ante el pleno para las comparecencias del gabinete, en el marco de la glosa del cuarto informe de gobierno del Dr. Am\u00e9rico Villarreal Anaya.<\/p>\n\n\n\n<p>\u201cSe est\u00e1 terminando de cuadrar la agenda. La idea es que, al regresar de Semana Santa, puedan iniciar las comparecencias. Seguramente para la sesi\u00f3n de la siguiente semana tiene que estar listo y aprobado por el pleno el congreso\u201d, afirm\u00f3 el l\u00edder del congreso.<\/p>\n\n\n\n<p>Prieto Herrera indic\u00f3 que en pocos d\u00edas se contar\u00e1 con la agenda final de las comparecencias y record\u00f3 que el gobernador Am\u00e9rico Villarreal Anaya ha dejado claro que, como todos los a\u00f1os, se espera la asistencia de todos los secretarios.<\/p>\n\n\n\n<p>Al ser cuestionado sobre si tambi\u00e9n asistir\u00e1n los reci\u00e9n nombrados titulares de las secretar\u00edas de Salud y Desarrollo Urbano, el Diputado Humberto Prieto respondi\u00f3: \u201cEn a\u00f1os pasados, cuando hubo cambios en el gabinete, esos cambios no vinieron a comparecer porque apenas llegaban. Pero bueno, vamos a ver; puede que suceda la misma situaci\u00f3n, pero vamos a esperar<\/p>\n","protected":false},"excerpt":{"rendered":"<p>\u201cApenas van llegando al cargo\u201d Por Alfredo Uvalle. El presidente de la Junta de Gobierno del Congreso del<\/p>\n","protected":false},"author":1,"featured_media":0,"comment_status":"open","ping_status":"open","sticky":false,"template":"","format":"standard","meta":{"footnotes":""},"categories":[1],"tags":[],"class_list":["post-249","post","type-post","status-publish","format-standard","hentry","category-tamaulipas"],"_links":{"self":[{"href":"https:\/\/RadarTamaulipas.info\/index.php?rest_route=\/wp\/v2\/posts\/249","targetHints":{"allow":["GET"]}}],"collection":[{"href":"https:\/\/RadarTamaulipas.info\/index.php?rest_route=\/wp\/v2\/posts"}],"about":[{"href":"https:\/\/RadarTamaulipas.info\/index.php?rest_route=\/wp\/v2\/types\/post"}],"author":[{"embeddable":true,"href":"https:\/\/RadarTamaulipas.info\/index.php?rest_route=\/wp\/v2\/users\/1"}],"replies":[{"embeddable":true,"href":"https:\/\/RadarTamaulipas.info\/index.php?rest_route=%2Fwp%2Fv2%2Fcomments&post=249"}],"version-history":[{"count":3,"href":"https:\/\/RadarTamaulipas.info\/index.php?rest_route=\/wp\/v2\/posts\/249\/revisions"}],"predecessor-version":[{"id":253,"href":"https:\/\/RadarTamaulipas.info\/index.php?rest_route=\/wp\/v2\/posts\/249\/revisions\/253"}],"wp:attachment":[{"href":"https:\/\/RadarTamaulipas.info\/index.php?rest_route=%2Fwp%2Fv2%2Fmedia&parent=249"}],"wp:term":[{"taxonomy":"category","embeddable":true,"href":"https:\/\/RadarTamaulipas.info\/index.php?rest_route=%2Fwp%2Fv2%2Fcategories&post=249"},{"taxonomy":"post_tag","embeddable":true,"href":"https:\/\/RadarTamaulipas.info\/index.php?rest_route=%2Fwp%2Fv2%2Ftags&post=249"}],"curies":[{"name":"wp","href":"https:\/\/api.w.org\/{rel}","templated":true}]}}