{"id":255,"date":"2026-03-19T00:07:20","date_gmt":"2026-03-19T00:07:20","guid":{"rendered":"https:\/\/RadarTamaulipas.info\/?p=255"},"modified":"2026-03-19T00:07:21","modified_gmt":"2026-03-19T00:07:21","slug":"gobierno-cubrira-pagos-pendientes-a-personal-de-cruz-roja-tamaulipas","status":"publish","type":"post","link":"https:\/\/RadarTamaulipas.info\/?p=255","title":{"rendered":"Gobierno cubrir\u00e1 pagos pendientes a personal de Cruz Roja Tamaulipas"},"content":{"rendered":"\n<figure class=\"wp-block-image size-full\"><img loading=\"lazy\" decoding=\"async\" width=\"424\" height=\"611\" src=\"https:\/\/radartamaulipas.info\/wp-content\/uploads\/2026\/03\/IMG-20260318-WA0020.jpg\" alt=\"\" class=\"wp-image-256\" srcset=\"https:\/\/radartamaulipas.info\/wp-content\/uploads\/2026\/03\/IMG-20260318-WA0020.jpg 424w, https:\/\/radartamaulipas.info\/wp-content\/uploads\/2026\/03\/IMG-20260318-WA0020-208x300.jpg 208w\" sizes=\"auto, (max-width: 424px) 100vw, 424px\" \/><\/figure>\n\n\n\n<p>Por:  Alfredo Uvalle<\/p>\n\n\n\n<p>El Coordinador Estatal de Cruz Roja, Jes\u00fas Su\u00e1rez Silveira, agradeci\u00f3 al Gobierno del estado, el compromiso de cubrir el pago de las dos quincenas pendientes a 183 trabajadores de Cruz Roja Mexicana, en 10 bases del norte, centro y sur del estado, inform\u00f3 Jes\u00fas Su\u00e1rez Silveira. El Coordinador Estatal de Cruz Roja, asegur\u00f3 que se le va a pagar a todo el personal operativo y administrativo, pero el contrato ser\u00e1 exclusivamente para el personal operativo por el momento, considerando que viene la temporada de semana santa. Resalt\u00f3 que el gobierno del estado destinar\u00e1, a m\u00e1s tardar para el viernes 20 de marzo, la cantidad de 1.6 millones de pesos para el pago de dos quincenas en 10 bases de Cruz Roja de Tamaulipas. Adem\u00e1s, dijo que el personal operativo, entre param\u00e9dicos y rescatistas, recibir\u00e1n un contrato de hasta por seis meses en el Centro Regulador de Urgencias M\u00e9dicas (CRUM) y en la Coordinaci\u00f3n Estatal de Protecci\u00f3n Civil. Ante este panorama se anunci\u00f3 que las ambulancias de Cruz Roja en sus 10 bases en el estado continuar\u00e1n detenidas a falta de combustible y a falta de apoyo por parte de la sede nacional.<\/p>\n\n\n\n<p><\/p>\n","protected":false},"excerpt":{"rendered":"<p>Por: Alfredo Uvalle El Coordinador Estatal de Cruz Roja, Jes\u00fas Su\u00e1rez Silveira, agradeci\u00f3 al Gobierno del estado, el<\/p>\n","protected":false},"author":1,"featured_media":0,"comment_status":"open","ping_status":"open","sticky":false,"template":"","format":"standard","meta":{"footnotes":""},"categories":[1],"tags":[],"class_list":["post-255","post","type-post","status-publish","format-standard","hentry","category-tamaulipas"],"_links":{"self":[{"href":"https:\/\/RadarTamaulipas.info\/index.php?rest_route=\/wp\/v2\/posts\/255","targetHints":{"allow":["GET"]}}],"collection":[{"href":"https:\/\/RadarTamaulipas.info\/index.php?rest_route=\/wp\/v2\/posts"}],"about":[{"href":"https:\/\/RadarTamaulipas.info\/index.php?rest_route=\/wp\/v2\/types\/post"}],"author":[{"embeddable":true,"href":"https:\/\/RadarTamaulipas.info\/index.php?rest_route=\/wp\/v2\/users\/1"}],"replies":[{"embeddable":true,"href":"https:\/\/RadarTamaulipas.info\/index.php?rest_route=%2Fwp%2Fv2%2Fcomments&post=255"}],"version-history":[{"count":1,"href":"https:\/\/RadarTamaulipas.info\/index.php?rest_route=\/wp\/v2\/posts\/255\/revisions"}],"predecessor-version":[{"id":257,"href":"https:\/\/RadarTamaulipas.info\/index.php?rest_route=\/wp\/v2\/posts\/255\/revisions\/257"}],"wp:attachment":[{"href":"https:\/\/RadarTamaulipas.info\/index.php?rest_route=%2Fwp%2Fv2%2Fmedia&parent=255"}],"wp:term":[{"taxonomy":"category","embeddable":true,"href":"https:\/\/RadarTamaulipas.info\/index.php?rest_route=%2Fwp%2Fv2%2Fcategories&post=255"},{"taxonomy":"post_tag","embeddable":true,"href":"https:\/\/RadarTamaulipas.info\/index.php?rest_route=%2Fwp%2Fv2%2Ftags&post=255"}],"curies":[{"name":"wp","href":"https:\/\/api.w.org\/{rel}","templated":true}]}}