{"id":261,"date":"2026-03-19T20:53:19","date_gmt":"2026-03-19T20:53:19","guid":{"rendered":"https:\/\/RadarTamaulipas.info\/?p=261"},"modified":"2026-03-25T04:32:44","modified_gmt":"2026-03-25T04:32:44","slug":"pedro-efrain-gonzalez-aranda-nuevo-vicefiscal-en-delitos-de-alto-impacto","status":"publish","type":"post","link":"https:\/\/RadarTamaulipas.info\/?p=261","title":{"rendered":"Pedro Efra\u00edn Gonz\u00e1lez Aranda, nuevo Vicefiscal en Delitos de Alto Impacto"},"content":{"rendered":"\n<figure class=\"wp-block-image size-full\"><img loading=\"lazy\" decoding=\"async\" width=\"883\" height=\"660\" src=\"https:\/\/radartamaulipas.info\/wp-content\/uploads\/2026\/03\/IMG-20260319-WA0018.jpg\" alt=\"\" class=\"wp-image-262\" srcset=\"https:\/\/radartamaulipas.info\/wp-content\/uploads\/2026\/03\/IMG-20260319-WA0018.jpg 883w, https:\/\/radartamaulipas.info\/wp-content\/uploads\/2026\/03\/IMG-20260319-WA0018-300x224.jpg 300w, https:\/\/radartamaulipas.info\/wp-content\/uploads\/2026\/03\/IMG-20260319-WA0018-768x574.jpg 768w\" sizes=\"auto, (max-width: 883px) 100vw, 883px\" \/><\/figure>\n\n\n\n<p>Por: Redacci\u00f3n.<\/p>\n\n\n\n<p>La fiscal\u00eda general de Justicia del Estado de Tamaulipas informa que, se celebr\u00f3 la Segunda Sesi\u00f3n Extraordinaria del a\u00f1o 2026 del Comit\u00e9 de \u00c9tica, durante la cual se abordaron diversos puntos como parte del orden del d\u00eda, y tuvo lugar la toma de protesta del Lic. Pedro Efra\u00edn Gonz\u00e1lez Aranda, Vicefiscal de Delitos de Alto Impacto y Violaciones a Derechos Humanos, como presidente del Comit\u00e9 de \u00c9tica de la Instituci\u00f3n. Durante la sesi\u00f3n el Comit\u00e9 analiz\u00f3 y tom\u00f3 acuerdos orientados a fortalecer el buen desempe\u00f1o de las personas servidoras p\u00fablicas de la fiscal\u00eda general de justicia. Con acciones como est\u00e1, se refrenda el compromiso institucional de cumplir con lo establecido en los Lineamientos para la integraci\u00f3n, funcionamiento y evaluaci\u00f3n del Comit\u00e9 de \u00c9tica, Conducta y Prevenci\u00f3n de Conflictos de Inter\u00e9s.<\/p>\n","protected":false},"excerpt":{"rendered":"<p>Por: Redacci\u00f3n. La fiscal\u00eda general de Justicia del Estado de Tamaulipas informa que, se celebr\u00f3 la Segunda Sesi\u00f3n<\/p>\n","protected":false},"author":1,"featured_media":0,"comment_status":"open","ping_status":"open","sticky":false,"template":"","format":"standard","meta":{"footnotes":""},"categories":[3],"tags":[],"class_list":["post-261","post","type-post","status-publish","format-standard","hentry","category-seguridad"],"_links":{"self":[{"href":"https:\/\/RadarTamaulipas.info\/index.php?rest_route=\/wp\/v2\/posts\/261","targetHints":{"allow":["GET"]}}],"collection":[{"href":"https:\/\/RadarTamaulipas.info\/index.php?rest_route=\/wp\/v2\/posts"}],"about":[{"href":"https:\/\/RadarTamaulipas.info\/index.php?rest_route=\/wp\/v2\/types\/post"}],"author":[{"embeddable":true,"href":"https:\/\/RadarTamaulipas.info\/index.php?rest_route=\/wp\/v2\/users\/1"}],"replies":[{"embeddable":true,"href":"https:\/\/RadarTamaulipas.info\/index.php?rest_route=%2Fwp%2Fv2%2Fcomments&post=261"}],"version-history":[{"count":2,"href":"https:\/\/RadarTamaulipas.info\/index.php?rest_route=\/wp\/v2\/posts\/261\/revisions"}],"predecessor-version":[{"id":293,"href":"https:\/\/RadarTamaulipas.info\/index.php?rest_route=\/wp\/v2\/posts\/261\/revisions\/293"}],"wp:attachment":[{"href":"https:\/\/RadarTamaulipas.info\/index.php?rest_route=%2Fwp%2Fv2%2Fmedia&parent=261"}],"wp:term":[{"taxonomy":"category","embeddable":true,"href":"https:\/\/RadarTamaulipas.info\/index.php?rest_route=%2Fwp%2Fv2%2Fcategories&post=261"},{"taxonomy":"post_tag","embeddable":true,"href":"https:\/\/RadarTamaulipas.info\/index.php?rest_route=%2Fwp%2Fv2%2Ftags&post=261"}],"curies":[{"name":"wp","href":"https:\/\/api.w.org\/{rel}","templated":true}]}}