{"id":267,"date":"2026-03-19T20:56:25","date_gmt":"2026-03-19T20:56:25","guid":{"rendered":"https:\/\/RadarTamaulipas.info\/?p=267"},"modified":"2026-03-25T04:32:28","modified_gmt":"2026-03-25T04:32:28","slug":"vinculan-a-proceso-jorge-zeferino-g-por-abuso-sexual-en-victoria","status":"publish","type":"post","link":"https:\/\/RadarTamaulipas.info\/?p=267","title":{"rendered":"Vinculan a proceso Jorge Zeferino \u201cG\u201d, por abuso sexual en Victoria"},"content":{"rendered":"\n<figure class=\"wp-block-image size-large\"><img loading=\"lazy\" decoding=\"async\" width=\"1024\" height=\"1024\" src=\"https:\/\/radartamaulipas.info\/wp-content\/uploads\/2026\/03\/IMG-20260319-WA0020-1024x1024.jpg\" alt=\"\" class=\"wp-image-268\" srcset=\"https:\/\/radartamaulipas.info\/wp-content\/uploads\/2026\/03\/IMG-20260319-WA0020-1024x1024.jpg 1024w, https:\/\/radartamaulipas.info\/wp-content\/uploads\/2026\/03\/IMG-20260319-WA0020-300x300.jpg 300w, https:\/\/radartamaulipas.info\/wp-content\/uploads\/2026\/03\/IMG-20260319-WA0020-150x150.jpg 150w, https:\/\/radartamaulipas.info\/wp-content\/uploads\/2026\/03\/IMG-20260319-WA0020-768x768.jpg 768w, https:\/\/radartamaulipas.info\/wp-content\/uploads\/2026\/03\/IMG-20260319-WA0020.jpg 1080w\" sizes=\"auto, (max-width: 1024px) 100vw, 1024px\" \/><\/figure>\n\n\n\n<p>Vinculan a proceso Jorge Zeferino \u201cG\u201d, por abuso sexual en Victoria Por: Redacci\u00f3n Un \u00d3rgano Jurisdiccional dict\u00f3 vinculaci\u00f3n a proceso en contra de Jorge Zeferino \u201cG\u201d, por el delito de Abuso Sexual, con base en los datos de prueba presentados por la Fiscal\u00eda Especializada en la Investigaci\u00f3n de Delitos contra Ni\u00f1as, Ni\u00f1os y Adolescentes y Delitos Cometidos contra las Mujeres por Raz\u00f3n de G\u00e9nero (FENNAM).Los hechos se sucedieron el 16 de febrero de 2026, al interior de un autob\u00fas de una empresa de transporte. De acuerdo con la investigaci\u00f3n, el imputado presuntamente realiz\u00f3 actos de naturaleza sexual frente a la v\u00edctima. Tras valorar los datos de prueba presentados por la Fiscal\u00eda, el Juez de Control determin\u00f3 imponer presentaci\u00f3n peri\u00f3dica ante la autoridad, la exhibici\u00f3n de una garant\u00eda econ\u00f3mica, el sometimiento a la vigilancia de la Unidad de Supervisi\u00f3n de Medidas Cautelares, as\u00ed como la prohibici\u00f3n de acercarse a la v\u00edctima, lo anterior como medidas cautelares. Asimismo, la autoridad judicial estableci\u00f3 un plazo de cuatro meses para el cierre de la investigaci\u00f3n complementaria.Con estas acciones, la fiscal\u00eda general de Justicia del Estado de Tamaulipas reafirma su compromiso de investigar y sancionar los delitos que atenten contra la integridad y libertad sexual de las personas.<\/p>\n","protected":false},"excerpt":{"rendered":"<p>Vinculan a proceso Jorge Zeferino \u201cG\u201d, por abuso sexual en Victoria Por: Redacci\u00f3n Un \u00d3rgano Jurisdiccional dict\u00f3 vinculaci\u00f3n<\/p>\n","protected":false},"author":1,"featured_media":0,"comment_status":"open","ping_status":"open","sticky":false,"template":"","format":"standard","meta":{"footnotes":""},"categories":[3],"tags":[],"class_list":["post-267","post","type-post","status-publish","format-standard","hentry","category-seguridad"],"_links":{"self":[{"href":"https:\/\/RadarTamaulipas.info\/index.php?rest_route=\/wp\/v2\/posts\/267","targetHints":{"allow":["GET"]}}],"collection":[{"href":"https:\/\/RadarTamaulipas.info\/index.php?rest_route=\/wp\/v2\/posts"}],"about":[{"href":"https:\/\/RadarTamaulipas.info\/index.php?rest_route=\/wp\/v2\/types\/post"}],"author":[{"embeddable":true,"href":"https:\/\/RadarTamaulipas.info\/index.php?rest_route=\/wp\/v2\/users\/1"}],"replies":[{"embeddable":true,"href":"https:\/\/RadarTamaulipas.info\/index.php?rest_route=%2Fwp%2Fv2%2Fcomments&post=267"}],"version-history":[{"count":1,"href":"https:\/\/RadarTamaulipas.info\/index.php?rest_route=\/wp\/v2\/posts\/267\/revisions"}],"predecessor-version":[{"id":269,"href":"https:\/\/RadarTamaulipas.info\/index.php?rest_route=\/wp\/v2\/posts\/267\/revisions\/269"}],"wp:attachment":[{"href":"https:\/\/RadarTamaulipas.info\/index.php?rest_route=%2Fwp%2Fv2%2Fmedia&parent=267"}],"wp:term":[{"taxonomy":"category","embeddable":true,"href":"https:\/\/RadarTamaulipas.info\/index.php?rest_route=%2Fwp%2Fv2%2Fcategories&post=267"},{"taxonomy":"post_tag","embeddable":true,"href":"https:\/\/RadarTamaulipas.info\/index.php?rest_route=%2Fwp%2Fv2%2Ftags&post=267"}],"curies":[{"name":"wp","href":"https:\/\/api.w.org\/{rel}","templated":true}]}}