{"id":273,"date":"2026-03-20T20:09:05","date_gmt":"2026-03-20T20:09:05","guid":{"rendered":"https:\/\/RadarTamaulipas.info\/?p=273"},"modified":"2026-03-25T04:34:42","modified_gmt":"2026-03-25T04:34:42","slug":"alumno-de-secundaria-supuestamente-armado-provoca-movilizacion","status":"publish","type":"post","link":"https:\/\/RadarTamaulipas.info\/?p=273","title":{"rendered":"Alumno de secundaria supuestamente armado provoca movilizaci\u00f3n"},"content":{"rendered":"\n<figure class=\"wp-block-image size-full\"><img loading=\"lazy\" decoding=\"async\" width=\"828\" height=\"474\" src=\"https:\/\/radartamaulipas.info\/wp-content\/uploads\/2026\/03\/IMG-20260320-WA0010.jpg\" alt=\"\" class=\"wp-image-274\" srcset=\"https:\/\/radartamaulipas.info\/wp-content\/uploads\/2026\/03\/IMG-20260320-WA0010.jpg 828w, https:\/\/radartamaulipas.info\/wp-content\/uploads\/2026\/03\/IMG-20260320-WA0010-300x172.jpg 300w, https:\/\/radartamaulipas.info\/wp-content\/uploads\/2026\/03\/IMG-20260320-WA0010-768x440.jpg 768w\" sizes=\"auto, (max-width: 828px) 100vw, 828px\" \/><\/figure>\n\n\n\n<p>Por: Alfredo Uvalle Se registra movilizaci\u00f3n de las corporaciones de seguridad en Ciudad Victoria, ante el reporte de un alumno supuestamente armado al interior de la Escuela Secundaria General N\u00fam. 7 \u201cProfr. Eleazar Cervantes G\u00f3mez\u201d. Al sitio arribaron unidades de la Guardia Estatal y de la Polic\u00eda Investigadora de la fiscal\u00eda general de Justicia del Estado de Tamaulipas (FGJET), a la altura de la calle Felipe \u00c1ngeles, en la colonia Adolfo L\u00f3pez Mateos de esta ciudad capital. Los elementos policiacos procedieron a implementar el protocolo y realizaron una revisi\u00f3n minuciosa al interior del plantel educativo, sal\u00f3n por sal\u00f3n, para descartar riesgos y proteger la integridad de las y los alumnos, as\u00ed como del personal docente y administrativo. Trascendi\u00f3 que \u00fanicamente fue localizada una pistola tipo r\u00e9plica, ingresada por un aluno de tercer grado de esta secundaria, sin que se dieran a conocer los motivos o la intensi\u00f3n de asumir este tipo de actitudes y ser\u00e1n las autoridades educativas las encargadas de emitir un comunicado para deslindar responsabilidades y brindar atenci\u00f3n psicol\u00f3gica al alumno. El reporte corri\u00f3 como reguero de p\u00f3lvora en los grupos de padres de familia provocando el temor, incluso algunos pasaron por sus hijos a la escuela para prevenir alg\u00fan tipo de incidente.<\/p>\n","protected":false},"excerpt":{"rendered":"<p>Por: Alfredo Uvalle Se registra movilizaci\u00f3n de las corporaciones de seguridad en Ciudad Victoria, ante el reporte de<\/p>\n","protected":false},"author":1,"featured_media":0,"comment_status":"open","ping_status":"open","sticky":false,"template":"","format":"standard","meta":{"footnotes":""},"categories":[3],"tags":[],"class_list":["post-273","post","type-post","status-publish","format-standard","hentry","category-seguridad"],"_links":{"self":[{"href":"https:\/\/RadarTamaulipas.info\/index.php?rest_route=\/wp\/v2\/posts\/273","targetHints":{"allow":["GET"]}}],"collection":[{"href":"https:\/\/RadarTamaulipas.info\/index.php?rest_route=\/wp\/v2\/posts"}],"about":[{"href":"https:\/\/RadarTamaulipas.info\/index.php?rest_route=\/wp\/v2\/types\/post"}],"author":[{"embeddable":true,"href":"https:\/\/RadarTamaulipas.info\/index.php?rest_route=\/wp\/v2\/users\/1"}],"replies":[{"embeddable":true,"href":"https:\/\/RadarTamaulipas.info\/index.php?rest_route=%2Fwp%2Fv2%2Fcomments&post=273"}],"version-history":[{"count":1,"href":"https:\/\/RadarTamaulipas.info\/index.php?rest_route=\/wp\/v2\/posts\/273\/revisions"}],"predecessor-version":[{"id":275,"href":"https:\/\/RadarTamaulipas.info\/index.php?rest_route=\/wp\/v2\/posts\/273\/revisions\/275"}],"wp:attachment":[{"href":"https:\/\/RadarTamaulipas.info\/index.php?rest_route=%2Fwp%2Fv2%2Fmedia&parent=273"}],"wp:term":[{"taxonomy":"category","embeddable":true,"href":"https:\/\/RadarTamaulipas.info\/index.php?rest_route=%2Fwp%2Fv2%2Fcategories&post=273"},{"taxonomy":"post_tag","embeddable":true,"href":"https:\/\/RadarTamaulipas.info\/index.php?rest_route=%2Fwp%2Fv2%2Ftags&post=273"}],"curies":[{"name":"wp","href":"https:\/\/api.w.org\/{rel}","templated":true}]}}