{"id":279,"date":"2026-03-20T20:31:26","date_gmt":"2026-03-20T20:31:26","guid":{"rendered":"https:\/\/RadarTamaulipas.info\/?p=279"},"modified":"2026-03-25T04:34:30","modified_gmt":"2026-03-25T04:34:30","slug":"eu-capacita-a-policias-investigadores-de-tamaulipas","status":"publish","type":"post","link":"https:\/\/RadarTamaulipas.info\/?p=279","title":{"rendered":"EU capacita a polic\u00edas investigadores de Tamaulipas"},"content":{"rendered":"\n<figure class=\"wp-block-image size-full\"><img loading=\"lazy\" decoding=\"async\" width=\"976\" height=\"635\" src=\"https:\/\/radartamaulipas.info\/wp-content\/uploads\/2026\/03\/IMG-20260320-WA0013.jpg\" alt=\"\" class=\"wp-image-280\" srcset=\"https:\/\/radartamaulipas.info\/wp-content\/uploads\/2026\/03\/IMG-20260320-WA0013.jpg 976w, https:\/\/radartamaulipas.info\/wp-content\/uploads\/2026\/03\/IMG-20260320-WA0013-300x195.jpg 300w, https:\/\/radartamaulipas.info\/wp-content\/uploads\/2026\/03\/IMG-20260320-WA0013-768x500.jpg 768w\" sizes=\"auto, (max-width: 976px) 100vw, 976px\" \/><\/figure>\n\n\n\n<p>Por: Redacci\u00f3n <\/p>\n\n\n\n<p>La fiscal\u00eda general de Justicia del Estado de Tamaulipas, a trav\u00e9s de personal ministerial y policial de la Unidad Especializada en Combate al Secuestro y Extorsi\u00f3n (UECSE), particip\u00f3 en la Primera Sesi\u00f3n MexUnidos, una iniciativa de capacitaci\u00f3n conjunta impulsada por la Oficina de Asuntos Internacionales de Narc\u00f3ticos y Aplicaci\u00f3n de la Ley (INL M\u00e9xico) y el Bur\u00f3 Federal de Investigaci\u00f3n (FBI).Las actividades se desarrollaron con el objetivo de fortalecer las capacidades de investigaci\u00f3n y promover el intercambio de mejores pr\u00e1cticas para el combate al delito de secuestro, mediante espacios de colaboraci\u00f3n y capacitaci\u00f3n especializada entre instituciones. Durante esta actividad se cont\u00f3 con la presencia de la C\u00f3nsul General de los Estados Unidos en Monterrey, Melisa A. Bishop.La fiscal\u00eda general de Justicia del Estado de Tamaulipas agradece la invitaci\u00f3n realizada por CGBishop, INL M\u00e9xico y FBI, refrendando el compromiso de mantener la colaboraci\u00f3n institucional y el trabajo conjunto para fortalecer las acciones en favor de la seguridad de nuestras comunidades.<\/p>\n","protected":false},"excerpt":{"rendered":"<p>Por: Redacci\u00f3n La fiscal\u00eda general de Justicia del Estado de Tamaulipas, a trav\u00e9s de personal ministerial y policial<\/p>\n","protected":false},"author":1,"featured_media":0,"comment_status":"open","ping_status":"open","sticky":false,"template":"","format":"standard","meta":{"footnotes":""},"categories":[3],"tags":[],"class_list":["post-279","post","type-post","status-publish","format-standard","hentry","category-seguridad"],"_links":{"self":[{"href":"https:\/\/RadarTamaulipas.info\/index.php?rest_route=\/wp\/v2\/posts\/279","targetHints":{"allow":["GET"]}}],"collection":[{"href":"https:\/\/RadarTamaulipas.info\/index.php?rest_route=\/wp\/v2\/posts"}],"about":[{"href":"https:\/\/RadarTamaulipas.info\/index.php?rest_route=\/wp\/v2\/types\/post"}],"author":[{"embeddable":true,"href":"https:\/\/RadarTamaulipas.info\/index.php?rest_route=\/wp\/v2\/users\/1"}],"replies":[{"embeddable":true,"href":"https:\/\/RadarTamaulipas.info\/index.php?rest_route=%2Fwp%2Fv2%2Fcomments&post=279"}],"version-history":[{"count":1,"href":"https:\/\/RadarTamaulipas.info\/index.php?rest_route=\/wp\/v2\/posts\/279\/revisions"}],"predecessor-version":[{"id":281,"href":"https:\/\/RadarTamaulipas.info\/index.php?rest_route=\/wp\/v2\/posts\/279\/revisions\/281"}],"wp:attachment":[{"href":"https:\/\/RadarTamaulipas.info\/index.php?rest_route=%2Fwp%2Fv2%2Fmedia&parent=279"}],"wp:term":[{"taxonomy":"category","embeddable":true,"href":"https:\/\/RadarTamaulipas.info\/index.php?rest_route=%2Fwp%2Fv2%2Fcategories&post=279"},{"taxonomy":"post_tag","embeddable":true,"href":"https:\/\/RadarTamaulipas.info\/index.php?rest_route=%2Fwp%2Fv2%2Ftags&post=279"}],"curies":[{"name":"wp","href":"https:\/\/api.w.org\/{rel}","templated":true}]}}