{"id":28,"date":"2026-03-11T03:45:22","date_gmt":"2026-03-11T03:45:22","guid":{"rendered":"http:\/\/radartamaulipas.info\/?p=28"},"modified":"2026-03-11T03:45:23","modified_gmt":"2026-03-11T03:45:23","slug":"aborda-coltam-retos-y-avances-de-losderechos-de-las-mujeres-en-tamaulipas","status":"publish","type":"post","link":"https:\/\/RadarTamaulipas.info\/?p=28","title":{"rendered":"Aborda COLTAM retos y avances de losderechos de las mujeres en Tamaulipas"},"content":{"rendered":"\n<p>Marzo 10 de 2026<br>Ciudad Victoria, Tamaulipas.\u2013 En el marco de la conmemoraci\u00f3n del D\u00eda<br>Internacional de la Mujer, El Colegio de Tamaulipas (COLTAM) llev\u00f3 a cabo el<br>panel \u201cLos derechos de las mujeres en Tamaulipas: diagn\u00f3sticos, retos y<br>escenarios\u201d, inform\u00f3 su rector, Marco Antonio Moreno Castellanos.<br>Indic\u00f3 que el panel fue un espacio de reflexi\u00f3n acad\u00e9mica e institucional orientado<br>a analizar los avances y desaf\u00edos que persisten en materia de igualdad sustantiva<br>en la entidad, que reuni\u00f3 a investigadoras, servidoras p\u00fablicas y representantes de<br>distintas dependencias.<br>Dijo que durante el mismo se tuvo un di\u00e1logo sobre temas clave como el ejercicio<br>de los derechos, el reconocimiento del trabajo de cuidados, la educaci\u00f3n como<br>herramienta de transformaci\u00f3n social, la equidad econ\u00f3mica, la construcci\u00f3n de<br>espacios laborales igualitarios y la necesidad de garantizar una vida libre de<br>violencia de g\u00e9nero.<br>Destac\u00f3 la responsabilidad de las instituciones acad\u00e9micas en la generaci\u00f3n de<br>diagn\u00f3sticos y propuestas para fortalecer las pol\u00edticas p\u00fablicas en favor de la<br>igualdad. \u201cLa academia tiene la responsabilidad de aportar diagn\u00f3sticos serios,<br>fomentar el di\u00e1logo interinstitucional y contribuir a la construcci\u00f3n de pol\u00edticas<br>p\u00fablicas basadas en evidencia\u201d, subray\u00f3.<br>Refrend\u00f3 el compromiso del COLTAM de vincular el trabajo acad\u00e9mico con los<br>desaf\u00edos sociales contempor\u00e1neos, como este ejercicio de reflexi\u00f3n que se<br>inscribe en la pol\u00edtica educativa impulsada por el gobernador Am\u00e9rico Villarreal<br>Anaya y el secretario de Educaci\u00f3n, Miguel \u00c1ngel Valdez Garc\u00eda, quienes<br>promueven una visi\u00f3n humanista, transformadora y de bienestar social orientada a<br>construir una sociedad m\u00e1s justa e igualitaria.<br>En el panel participaron Consuelo Ter\u00e1n Rodr\u00edguez, magistrada de Sala en<br>Justicia Penal para Adolescentes; M\u00f3nica Lorena S\u00e1nchez Lim\u00f3n, directora de la<br>Facultad de Comercio y Administraci\u00f3n de la UAT; Arlet Fuentes Gallegos,<br>directora general de Asuntos Religiosos y Gobernabilidad Democr\u00e1tica para la<br>Reconstrucci\u00f3n del Tejido Social; y Ely Duque, representante de las juventudes en<br>Tamaulipas.<\/p>\n\n\n\n<figure class=\"wp-block-image size-full\"><img loading=\"lazy\" decoding=\"async\" width=\"800\" height=\"600\" src=\"http:\/\/radartamaulipas.info\/wp-content\/uploads\/2026\/03\/COL-003-2026.-Aborda-COLTAM-retos-y-avances-de-los-derechos-de-las-mujeres-en-Tamaulipas-1.jpeg\" alt=\"\" class=\"wp-image-29\" srcset=\"https:\/\/radartamaulipas.info\/wp-content\/uploads\/2026\/03\/COL-003-2026.-Aborda-COLTAM-retos-y-avances-de-los-derechos-de-las-mujeres-en-Tamaulipas-1.jpeg 800w, https:\/\/radartamaulipas.info\/wp-content\/uploads\/2026\/03\/COL-003-2026.-Aborda-COLTAM-retos-y-avances-de-los-derechos-de-las-mujeres-en-Tamaulipas-1-300x225.jpeg 300w, https:\/\/radartamaulipas.info\/wp-content\/uploads\/2026\/03\/COL-003-2026.-Aborda-COLTAM-retos-y-avances-de-los-derechos-de-las-mujeres-en-Tamaulipas-1-768x576.jpeg 768w\" sizes=\"auto, (max-width: 800px) 100vw, 800px\" \/><\/figure>\n","protected":false},"excerpt":{"rendered":"<p>Marzo 10 de 2026Ciudad Victoria, Tamaulipas.\u2013 En el marco de la conmemoraci\u00f3n del D\u00edaInternacional de la Mujer, El<\/p>\n","protected":false},"author":1,"featured_media":0,"comment_status":"open","ping_status":"open","sticky":false,"template":"","format":"standard","meta":{"footnotes":""},"categories":[1],"tags":[],"class_list":["post-28","post","type-post","status-publish","format-standard","hentry","category-tamaulipas"],"_links":{"self":[{"href":"https:\/\/RadarTamaulipas.info\/index.php?rest_route=\/wp\/v2\/posts\/28","targetHints":{"allow":["GET"]}}],"collection":[{"href":"https:\/\/RadarTamaulipas.info\/index.php?rest_route=\/wp\/v2\/posts"}],"about":[{"href":"https:\/\/RadarTamaulipas.info\/index.php?rest_route=\/wp\/v2\/types\/post"}],"author":[{"embeddable":true,"href":"https:\/\/RadarTamaulipas.info\/index.php?rest_route=\/wp\/v2\/users\/1"}],"replies":[{"embeddable":true,"href":"https:\/\/RadarTamaulipas.info\/index.php?rest_route=%2Fwp%2Fv2%2Fcomments&post=28"}],"version-history":[{"count":1,"href":"https:\/\/RadarTamaulipas.info\/index.php?rest_route=\/wp\/v2\/posts\/28\/revisions"}],"predecessor-version":[{"id":30,"href":"https:\/\/RadarTamaulipas.info\/index.php?rest_route=\/wp\/v2\/posts\/28\/revisions\/30"}],"wp:attachment":[{"href":"https:\/\/RadarTamaulipas.info\/index.php?rest_route=%2Fwp%2Fv2%2Fmedia&parent=28"}],"wp:term":[{"taxonomy":"category","embeddable":true,"href":"https:\/\/RadarTamaulipas.info\/index.php?rest_route=%2Fwp%2Fv2%2Fcategories&post=28"},{"taxonomy":"post_tag","embeddable":true,"href":"https:\/\/RadarTamaulipas.info\/index.php?rest_route=%2Fwp%2Fv2%2Ftags&post=28"}],"curies":[{"name":"wp","href":"https:\/\/api.w.org\/{rel}","templated":true}]}}