{"id":285,"date":"2026-03-20T22:21:31","date_gmt":"2026-03-20T22:21:31","guid":{"rendered":"https:\/\/RadarTamaulipas.info\/?p=285"},"modified":"2026-03-20T22:21:32","modified_gmt":"2026-03-20T22:21:32","slug":"alertan-por-aumento-de-casos-de-gusano-barrenador-en-tamaulipas","status":"publish","type":"post","link":"https:\/\/RadarTamaulipas.info\/?p=285","title":{"rendered":"Alertan por aumento de casos de Gusano Barrenador en Tamaulipas"},"content":{"rendered":"\n<figure class=\"wp-block-image size-full\"><img loading=\"lazy\" decoding=\"async\" width=\"862\" height=\"700\" src=\"https:\/\/radartamaulipas.info\/wp-content\/uploads\/2026\/03\/IMG-20260320-WA0022.jpg\" alt=\"\" class=\"wp-image-286\" srcset=\"https:\/\/radartamaulipas.info\/wp-content\/uploads\/2026\/03\/IMG-20260320-WA0022.jpg 862w, https:\/\/radartamaulipas.info\/wp-content\/uploads\/2026\/03\/IMG-20260320-WA0022-300x244.jpg 300w, https:\/\/radartamaulipas.info\/wp-content\/uploads\/2026\/03\/IMG-20260320-WA0022-768x624.jpg 768w\" sizes=\"auto, (max-width: 862px) 100vw, 862px\" \/><\/figure>\n\n\n\n<p>Por:  Alfredo Uvalle <\/p>\n\n\n\n<p>El delegado de la Secretar\u00eda de Agricultura y Desarrollo Rural (SAGARA) en Tamaulipas, Rom\u00e1n Rigoberto Garza Infante, inform\u00f3 sobre un notable incremento de casos de gusano barrenador en el municipio de Ocampo. Ante esta situaci\u00f3n, se est\u00e1 evaluando la posibilidad de convocar a una reuni\u00f3n regional con representantes de tres estados de la Rep\u00fablica, con el fin de abordar de manera coordinada el problema.Garza Infante destac\u00f3 que Tamaulipas est\u00e1 comprometido en realizar un trabajo conjunto a trav\u00e9s del Servicio Nacional de Sanidad, inocuidad y Calidad Agroalimentaria (SENASICA), quienes coordinan las acciones en el estado. Subray\u00f3 la importancia del sector ganadero en la regi\u00f3n y la necesidad de contener la propagaci\u00f3n del gusano barrenador. \u00abMientras no se controle, el insecto seguir\u00e1 avanzando, a pesar de los recursos y esfuerzos que se puedan invertir\u00bb, afirm\u00f3. El delegado mencion\u00f3 que, en colaboraci\u00f3n con el ingeniero Antonio Varela Flores, secretario de Desarrollo Rural de Tamaulipas, se ha estado trabajando en este sentido. \u201cLa semana pasada, se recibi\u00f3 la visita de Javier Calder\u00f3n, director en jefe de SENASICA, quien realiz\u00f3 recorridos por las \u00e1reas afectadas y se est\u00e1 programando una reuni\u00f3n regional con representantes de Veracruz y San Luis Potos\u00ed para tratar el tema del gusano barrenador. Aunque inicialmente se hab\u00eda considerado llevar a cabo la reuni\u00f3n esta semana, no se concret\u00f3, pero se espera que se realice en los pr\u00f3ximos d\u00edas\u201d, se\u00f1al\u00f3. \u00abEs urgente trabajar de manera coordinada para contener este insecto, ya que en ciertos estados no se est\u00e1n cumpliendo los protocolos necesarios\u00bb, advirti\u00f3 Garza Infante. Hasta el reporte del d\u00eda de ayer, se registran 33 casos activos, destacando que Ocampo se ha convertido en el foco rojo de la situaci\u00f3n en Tamaulipas. A diferencia de otros municipios, donde se logr\u00f3 contener la propagaci\u00f3n, Ocampo ha visto un aumento significativo en los casos.El delegado enfatiz\u00f3 que, aunque se deben cumplir ciertos tiempos para declarar casos como desactivados, los protocolos de atenci\u00f3n se implementan de inmediato. La situaci\u00f3n del gusano barrenador es din\u00e1mica y cambia constantemente, lo que requiere una vigilancia constante y una respuesta r\u00e1pida.<\/p>\n","protected":false},"excerpt":{"rendered":"<p>Por: Alfredo Uvalle El delegado de la Secretar\u00eda de Agricultura y Desarrollo Rural (SAGARA) en Tamaulipas, Rom\u00e1n Rigoberto<\/p>\n","protected":false},"author":1,"featured_media":0,"comment_status":"open","ping_status":"open","sticky":false,"template":"","format":"standard","meta":{"footnotes":""},"categories":[1],"tags":[],"class_list":["post-285","post","type-post","status-publish","format-standard","hentry","category-tamaulipas"],"_links":{"self":[{"href":"https:\/\/RadarTamaulipas.info\/index.php?rest_route=\/wp\/v2\/posts\/285","targetHints":{"allow":["GET"]}}],"collection":[{"href":"https:\/\/RadarTamaulipas.info\/index.php?rest_route=\/wp\/v2\/posts"}],"about":[{"href":"https:\/\/RadarTamaulipas.info\/index.php?rest_route=\/wp\/v2\/types\/post"}],"author":[{"embeddable":true,"href":"https:\/\/RadarTamaulipas.info\/index.php?rest_route=\/wp\/v2\/users\/1"}],"replies":[{"embeddable":true,"href":"https:\/\/RadarTamaulipas.info\/index.php?rest_route=%2Fwp%2Fv2%2Fcomments&post=285"}],"version-history":[{"count":1,"href":"https:\/\/RadarTamaulipas.info\/index.php?rest_route=\/wp\/v2\/posts\/285\/revisions"}],"predecessor-version":[{"id":287,"href":"https:\/\/RadarTamaulipas.info\/index.php?rest_route=\/wp\/v2\/posts\/285\/revisions\/287"}],"wp:attachment":[{"href":"https:\/\/RadarTamaulipas.info\/index.php?rest_route=%2Fwp%2Fv2%2Fmedia&parent=285"}],"wp:term":[{"taxonomy":"category","embeddable":true,"href":"https:\/\/RadarTamaulipas.info\/index.php?rest_route=%2Fwp%2Fv2%2Fcategories&post=285"},{"taxonomy":"post_tag","embeddable":true,"href":"https:\/\/RadarTamaulipas.info\/index.php?rest_route=%2Fwp%2Fv2%2Ftags&post=285"}],"curies":[{"name":"wp","href":"https:\/\/api.w.org\/{rel}","templated":true}]}}