{"id":34,"date":"2026-03-11T18:35:47","date_gmt":"2026-03-11T18:35:47","guid":{"rendered":"http:\/\/radartamaulipas.info\/?p=34"},"modified":"2026-03-11T18:42:15","modified_gmt":"2026-03-11T18:42:15","slug":"fortalece-upv-nuevas-oportunidades-para-estudiantes-mediante-convenio-con-canaco-victoria","status":"publish","type":"post","link":"https:\/\/RadarTamaulipas.info\/?p=34","title":{"rendered":"Fortalece UPV nuevas oportunidades para estudiantes mediante convenio con CANACO Victoria"},"content":{"rendered":"\n<p>Marzo 11 de 2026<br>Ciudad Victoria, Tamaulipas.\u2013 La Universidad Polit\u00e9cnica de Victoria (UPV) firm\u00f3<br>un convenio de colaboraci\u00f3n con la C\u00e1mara Nacional de Comercio en la capital<br>(CANACO Victoria), con la idea de fortalecer el emprendimiento y la vinculaci\u00f3n<br>entre el sector acad\u00e9mico y el empresarial.<br>El rector de la universidad, Luis Felipe Castillo Cort\u00e9s, y Federico Gonz\u00e1lez<br>S\u00e1nchez, presidente de la c\u00e1mara de comercio, firmaron este acuerdo de trabajo<br>que impulsar\u00e1 el talento y la formaci\u00f3n de calidad tanto de las y los universitarios<br>como de los egresados de esta instituci\u00f3n.<br>Castillo Cort\u00e9s destac\u00f3 la relevancia de este convenio que suma esfuerzos en<br>beneficio de ambas instituciones y, especialmente, de la comunidad estudiantil de<br>la universidad, subrayando que este acuerdo les permitir\u00e1 realizar sus pr\u00e1cticas<br>profesionales en cualquiera de las mil 600 empresas afiliadas a CANACO Victoria,<br>e incluso incorporarse posteriormente al \u00e1mbito laboral.<br>Por su parte, el l\u00edder empresarial agradeci\u00f3 al rector la disposici\u00f3n para consolidar<br>esta alianza estrat\u00e9gica y manifest\u00f3 su satisfacci\u00f3n por contar ya con egresadas y<br>egresados de la UPV en empresas asociadas, quienes \u2014dijo\u2014 \u201chan demostrado<br>un alto nivel de preparaci\u00f3n y han realizado valiosas aportaciones al desarrollo y<br>fortalecimiento de los negocios\u201d, puntualiz\u00f3.<br>En el marco del convenio, Oth\u00f3n Cano Garza, director de Vinculaci\u00f3n de la<br>universidad, present\u00f3 la oferta acad\u00e9mica y el Modelo Educativo de la UPV,<br>basado en competencias, el cual contempla una formaci\u00f3n profesional con un 70<br>por ciento de pr\u00e1ctica y un 30 por ciento de teor\u00eda, desarrollada en aulas,<br>laboratorios y talleres especializados.<br>Este encuentro entre la academia y el sector productivo reafirma la alineaci\u00f3n de<br>las voluntades y abre nuevas oportunidades para el desarrollo econ\u00f3mico y la<br>formaci\u00f3n de capital humano altamente competitivo en Tamaulipas, acorde con la<br>visi\u00f3n que impulsa el gobernador Am\u00e9rico Villarreal Anaya.<br>Durante el protocolo de este convenio se cont\u00f3 tambi\u00e9n con la presencia del<br>empresario Guillermo Avenda\u00f1o Vidal, as\u00ed como de Eduardo Maximiliano<br>Mart\u00ednez, encargado de la Secretar\u00eda Acad\u00e9mica de la universidad, y de los<\/p>\n\n\n\n<p>directores de los Programas Educativos de la Licenciatura en Comercio<br>Internacional y Aduanas y de la Licenciatura en Administraci\u00f3n.<\/p>\n\n\n\n<figure class=\"wp-block-gallery has-nested-images columns-default is-cropped wp-block-gallery-1 is-layout-flex wp-block-gallery-is-layout-flex\">\n<figure class=\"wp-block-image size-large\"><img loading=\"lazy\" decoding=\"async\" width=\"1024\" height=\"682\" data-id=\"36\" src=\"http:\/\/radartamaulipas.info\/wp-content\/uploads\/2026\/03\/UPV-006-2026.-Fortalece-UPV-nuevas-oportunidades-para-sus-estudiantes-mediante-convenio-con-CANACO-Victoria-1-1024x682.jpeg\" alt=\"\" class=\"wp-image-36\" srcset=\"https:\/\/radartamaulipas.info\/wp-content\/uploads\/2026\/03\/UPV-006-2026.-Fortalece-UPV-nuevas-oportunidades-para-sus-estudiantes-mediante-convenio-con-CANACO-Victoria-1-1024x682.jpeg 1024w, https:\/\/radartamaulipas.info\/wp-content\/uploads\/2026\/03\/UPV-006-2026.-Fortalece-UPV-nuevas-oportunidades-para-sus-estudiantes-mediante-convenio-con-CANACO-Victoria-1-300x200.jpeg 300w, https:\/\/radartamaulipas.info\/wp-content\/uploads\/2026\/03\/UPV-006-2026.-Fortalece-UPV-nuevas-oportunidades-para-sus-estudiantes-mediante-convenio-con-CANACO-Victoria-1-768x512.jpeg 768w, https:\/\/radartamaulipas.info\/wp-content\/uploads\/2026\/03\/UPV-006-2026.-Fortalece-UPV-nuevas-oportunidades-para-sus-estudiantes-mediante-convenio-con-CANACO-Victoria-1.jpeg 1280w\" sizes=\"auto, (max-width: 1024px) 100vw, 1024px\" \/><\/figure>\n<\/figure>\n","protected":false},"excerpt":{"rendered":"<p>Marzo 11 de 2026Ciudad Victoria, Tamaulipas.\u2013 La Universidad Polit\u00e9cnica de Victoria (UPV) firm\u00f3un convenio de colaboraci\u00f3n con la<\/p>\n","protected":false},"author":1,"featured_media":0,"comment_status":"open","ping_status":"open","sticky":false,"template":"","format":"standard","meta":{"footnotes":""},"categories":[1],"tags":[],"class_list":["post-34","post","type-post","status-publish","format-standard","hentry","category-tamaulipas"],"_links":{"self":[{"href":"https:\/\/RadarTamaulipas.info\/index.php?rest_route=\/wp\/v2\/posts\/34","targetHints":{"allow":["GET"]}}],"collection":[{"href":"https:\/\/RadarTamaulipas.info\/index.php?rest_route=\/wp\/v2\/posts"}],"about":[{"href":"https:\/\/RadarTamaulipas.info\/index.php?rest_route=\/wp\/v2\/types\/post"}],"author":[{"embeddable":true,"href":"https:\/\/RadarTamaulipas.info\/index.php?rest_route=\/wp\/v2\/users\/1"}],"replies":[{"embeddable":true,"href":"https:\/\/RadarTamaulipas.info\/index.php?rest_route=%2Fwp%2Fv2%2Fcomments&post=34"}],"version-history":[{"count":2,"href":"https:\/\/RadarTamaulipas.info\/index.php?rest_route=\/wp\/v2\/posts\/34\/revisions"}],"predecessor-version":[{"id":38,"href":"https:\/\/RadarTamaulipas.info\/index.php?rest_route=\/wp\/v2\/posts\/34\/revisions\/38"}],"wp:attachment":[{"href":"https:\/\/RadarTamaulipas.info\/index.php?rest_route=%2Fwp%2Fv2%2Fmedia&parent=34"}],"wp:term":[{"taxonomy":"category","embeddable":true,"href":"https:\/\/RadarTamaulipas.info\/index.php?rest_route=%2Fwp%2Fv2%2Fcategories&post=34"},{"taxonomy":"post_tag","embeddable":true,"href":"https:\/\/RadarTamaulipas.info\/index.php?rest_route=%2Fwp%2Fv2%2Ftags&post=34"}],"curies":[{"name":"wp","href":"https:\/\/api.w.org\/{rel}","templated":true}]}}