{"id":348,"date":"2026-02-23T05:40:20","date_gmt":"2026-02-23T05:40:20","guid":{"rendered":"https:\/\/RadarTamaulipas.info\/?p=348"},"modified":"2026-03-21T05:40:51","modified_gmt":"2026-03-21T05:40:51","slug":"refuerza-la-uat-estrategia-con-sectores-productivos","status":"publish","type":"post","link":"https:\/\/RadarTamaulipas.info\/?p=348","title":{"rendered":"Refuerza la UAT estrategia con sectores productivos"},"content":{"rendered":"\n<figure class=\"wp-block-image size-large\"><img loading=\"lazy\" decoding=\"async\" width=\"1024\" height=\"682\" src=\"https:\/\/radartamaulipas.info\/wp-content\/uploads\/2026\/03\/638458887_122246729552102288_6067458880523406557_n-1024x682.jpg\" alt=\"\" class=\"wp-image-349\" srcset=\"https:\/\/radartamaulipas.info\/wp-content\/uploads\/2026\/03\/638458887_122246729552102288_6067458880523406557_n-1024x682.jpg 1024w, https:\/\/radartamaulipas.info\/wp-content\/uploads\/2026\/03\/638458887_122246729552102288_6067458880523406557_n-300x200.jpg 300w, https:\/\/radartamaulipas.info\/wp-content\/uploads\/2026\/03\/638458887_122246729552102288_6067458880523406557_n-768x512.jpg 768w, https:\/\/radartamaulipas.info\/wp-content\/uploads\/2026\/03\/638458887_122246729552102288_6067458880523406557_n-1536x1023.jpg 1536w, https:\/\/radartamaulipas.info\/wp-content\/uploads\/2026\/03\/638458887_122246729552102288_6067458880523406557_n.jpg 2048w\" sizes=\"auto, (max-width: 1024px) 100vw, 1024px\" \/><\/figure>\n\n\n\n<p>Reafirmamos la necesidad de consolidar un mecanismo permanente de coordinaci\u00f3n entre dependencias estatales, sectores sociales e iniciativa privada para atender de manera integral el trabajo infantil, con enfoque de derechos humanos y priorizando el inter\u00e9s superior de la ni\u00f1ez.<\/p>\n\n\n\n<p>En la ceremonia de honores a la bandera se instal\u00f3 la Comisi\u00f3n Intersecretarial para la Prevenci\u00f3n y Erradicaci\u00f3n del Trabajo Infantil y la Protecci\u00f3n de Adolescentes Trabajadores en Edad Permitida en <a href=\"https:\/\/www.facebook.com\/hashtag\/tamaulipas?__eep__=6&amp;__cft__[0]=AZaysC5ZdJq8PkYm8Jwj7z6VThsNWlqrV-gU6Ze8U3AHtjdLTRsBnR5u6ihrVUafipsvLbRxjnDQFws7g5Cqmm_xzJZ7dr4sxu17d1C4vz3ySOcE2ogq02Pd132MGT3eweiTZivwHVIMKMw5IFIflwzMVBxxyuMofi5yt1VreKMDDrOYIUAZhPpYBHrFd4n7WWF7jl_5KQcRdU4Pe9trOVpb&amp;__tn__=*NK-R\">#Tamaulipas<\/a>, encabezada por el gobernador <a href=\"https:\/\/www.facebook.com\/dr.americovillarreal?__cft__[0]=AZaysC5ZdJq8PkYm8Jwj7z6VThsNWlqrV-gU6Ze8U3AHtjdLTRsBnR5u6ihrVUafipsvLbRxjnDQFws7g5Cqmm_xzJZ7dr4sxu17d1C4vz3ySOcE2ogq02Pd132MGT3eweiTZivwHVIMKMw5IFIflwzMVBxxyuMofi5yt1VreKMDDrOYIUAZhPpYBHrFd4n7WWF7jl_5KQcRdU4Pe9trOVpb&amp;__tn__=-]K-R\">Am\u00e9rico Villarreal<\/a> con la participaci\u00f3n del secretario del Trabajo y Previsi\u00f3n Social, <a href=\"https:\/\/www.facebook.com\/LicGerardoIlloldi?__cft__[0]=AZaysC5ZdJq8PkYm8Jwj7z6VThsNWlqrV-gU6Ze8U3AHtjdLTRsBnR5u6ihrVUafipsvLbRxjnDQFws7g5Cqmm_xzJZ7dr4sxu17d1C4vz3ySOcE2ogq02Pd132MGT3eweiTZivwHVIMKMw5IFIflwzMVBxxyuMofi5yt1VreKMDDrOYIUAZhPpYBHrFd4n7WWF7jl_5KQcRdU4Pe9trOVpb&amp;__tn__=-]K-R\">Gerardo Illoldi<\/a><\/p>\n","protected":false},"excerpt":{"rendered":"<p>Reafirmamos la necesidad de consolidar un mecanismo permanente de coordinaci\u00f3n entre dependencias estatales, sectores sociales e iniciativa privada<\/p>\n","protected":false},"author":1,"featured_media":0,"comment_status":"open","ping_status":"open","sticky":false,"template":"","format":"standard","meta":{"footnotes":""},"categories":[1],"tags":[],"class_list":["post-348","post","type-post","status-publish","format-standard","hentry","category-tamaulipas"],"_links":{"self":[{"href":"https:\/\/RadarTamaulipas.info\/index.php?rest_route=\/wp\/v2\/posts\/348","targetHints":{"allow":["GET"]}}],"collection":[{"href":"https:\/\/RadarTamaulipas.info\/index.php?rest_route=\/wp\/v2\/posts"}],"about":[{"href":"https:\/\/RadarTamaulipas.info\/index.php?rest_route=\/wp\/v2\/types\/post"}],"author":[{"embeddable":true,"href":"https:\/\/RadarTamaulipas.info\/index.php?rest_route=\/wp\/v2\/users\/1"}],"replies":[{"embeddable":true,"href":"https:\/\/RadarTamaulipas.info\/index.php?rest_route=%2Fwp%2Fv2%2Fcomments&post=348"}],"version-history":[{"count":1,"href":"https:\/\/RadarTamaulipas.info\/index.php?rest_route=\/wp\/v2\/posts\/348\/revisions"}],"predecessor-version":[{"id":350,"href":"https:\/\/RadarTamaulipas.info\/index.php?rest_route=\/wp\/v2\/posts\/348\/revisions\/350"}],"wp:attachment":[{"href":"https:\/\/RadarTamaulipas.info\/index.php?rest_route=%2Fwp%2Fv2%2Fmedia&parent=348"}],"wp:term":[{"taxonomy":"category","embeddable":true,"href":"https:\/\/RadarTamaulipas.info\/index.php?rest_route=%2Fwp%2Fv2%2Fcategories&post=348"},{"taxonomy":"post_tag","embeddable":true,"href":"https:\/\/RadarTamaulipas.info\/index.php?rest_route=%2Fwp%2Fv2%2Ftags&post=348"}],"curies":[{"name":"wp","href":"https:\/\/api.w.org\/{rel}","templated":true}]}}