{"id":354,"date":"2026-02-25T05:54:54","date_gmt":"2026-02-25T05:54:54","guid":{"rendered":"https:\/\/RadarTamaulipas.info\/?p=354"},"modified":"2026-03-21T05:55:36","modified_gmt":"2026-03-21T05:55:36","slug":"inaugura-rector-damaso-anaya-el-parque-universitario-de-softbol-de-la-uat","status":"publish","type":"post","link":"https:\/\/RadarTamaulipas.info\/?p=354","title":{"rendered":"Inaugura rector D\u00e1maso Anaya el Parque Universitario de Softbol de la UAT"},"content":{"rendered":"\n<figure class=\"wp-block-image size-large\"><img loading=\"lazy\" decoding=\"async\" width=\"1024\" height=\"682\" src=\"https:\/\/radartamaulipas.info\/wp-content\/uploads\/2026\/03\/Ciudad-Victoria-Tam.-25-de-febrero-de-2026-1024x682.jpeg\" alt=\"\" class=\"wp-image-355\" srcset=\"https:\/\/radartamaulipas.info\/wp-content\/uploads\/2026\/03\/Ciudad-Victoria-Tam.-25-de-febrero-de-2026-1024x682.jpeg 1024w, https:\/\/radartamaulipas.info\/wp-content\/uploads\/2026\/03\/Ciudad-Victoria-Tam.-25-de-febrero-de-2026-300x200.jpeg 300w, https:\/\/radartamaulipas.info\/wp-content\/uploads\/2026\/03\/Ciudad-Victoria-Tam.-25-de-febrero-de-2026-768x512.jpeg 768w, https:\/\/radartamaulipas.info\/wp-content\/uploads\/2026\/03\/Ciudad-Victoria-Tam.-25-de-febrero-de-2026-1536x1024.jpeg 1536w, https:\/\/radartamaulipas.info\/wp-content\/uploads\/2026\/03\/Ciudad-Victoria-Tam.-25-de-febrero-de-2026-2048x1365.jpeg 2048w\" sizes=\"auto, (max-width: 1024px) 100vw, 1024px\" \/><\/figure>\n\n\n\n<p>Ciudad Victoria, Tam., 25 de febrero de 2026.<\/p>\n\n\n\n<p>Durante la apertura de este nuevo escenario del deporte, ubicado en el \u00e1rea del Campo Hundido del Centro Universitario Victoria, el rector D\u00e1maso Anaya estuvo acompa\u00f1ado de la presidenta de Familia UAT, Lic. Isolda Rend\u00f3n de Anaya y del director del Instituto del Deporte de Tamaulipas, Manuel Alejandro Vir\u00faes Lozano.<\/p>\n\n\n\n<p>En este marco, el rector puso en marcha los torneos de softbol para funcionarios, maestros y empleados de la UAT.<\/p>\n\n\n\n<p>En su mensaje, subray\u00f3 el esfuerzo que ha hecho la Universidad por ofrecer las mejores condiciones de infraestructura deportiva a los estudiantes y atletas de esta casa de estudios.<\/p>\n\n\n\n<p>Asegur\u00f3 que gracias a este trabajo ha aumentado de manera significativa la participaci\u00f3n de los alumnos en las diferentes disciplinas deportivas que ofrece la UAT.<\/p>\n\n\n\n<p>Coment\u00f3 que con este espacio se busca tambi\u00e9n consolidar el proyecto de atletas de alto rendimiento, que se pretende compitan en los mejores escenarios nacionales e internacionales.<\/p>\n\n\n\n<p>Sostuvo que el nuevo campo de softbol es parte del desarrollo deportivo que impulsa la UAT para ofrecer, tambi\u00e9n a los docentes, administrativos y trabajadores la posibilidad de hacer el deporte.<\/p>\n\n\n\n<p>\u201cHoy no solo vamos a inaugurar un campo de softbol, hoy abrimos un espacio para la convivencia, para la salud, para la unidad y para el fortalecimiento de nuestra identidad como universidad\u00bb, puntualiz\u00f3.<\/p>\n\n\n\n<p>Cabe destacar, que, en los torneos de softbol para funcionarios, maestros y empleados de la UAT, participan doce equipos de la Universidad y cinco escuadras invitadas. Participando un total de 255 deportistas.<\/p>\n\n\n\n<p>Al evento acudi\u00f3 el secretario de Vinculaci\u00f3n, Rogelio de Jes\u00fas Ram\u00edrez Flores, as\u00ed como directores de las Unidades Acad\u00e9micas y Facultades del Campus Victoria.<\/p>\n","protected":false},"excerpt":{"rendered":"<p>Ciudad Victoria, Tam., 25 de febrero de 2026. Durante la apertura de este nuevo escenario del deporte, ubicado<\/p>\n","protected":false},"author":1,"featured_media":0,"comment_status":"open","ping_status":"open","sticky":false,"template":"","format":"standard","meta":{"footnotes":""},"categories":[1],"tags":[],"class_list":["post-354","post","type-post","status-publish","format-standard","hentry","category-tamaulipas"],"_links":{"self":[{"href":"https:\/\/RadarTamaulipas.info\/index.php?rest_route=\/wp\/v2\/posts\/354","targetHints":{"allow":["GET"]}}],"collection":[{"href":"https:\/\/RadarTamaulipas.info\/index.php?rest_route=\/wp\/v2\/posts"}],"about":[{"href":"https:\/\/RadarTamaulipas.info\/index.php?rest_route=\/wp\/v2\/types\/post"}],"author":[{"embeddable":true,"href":"https:\/\/RadarTamaulipas.info\/index.php?rest_route=\/wp\/v2\/users\/1"}],"replies":[{"embeddable":true,"href":"https:\/\/RadarTamaulipas.info\/index.php?rest_route=%2Fwp%2Fv2%2Fcomments&post=354"}],"version-history":[{"count":1,"href":"https:\/\/RadarTamaulipas.info\/index.php?rest_route=\/wp\/v2\/posts\/354\/revisions"}],"predecessor-version":[{"id":356,"href":"https:\/\/RadarTamaulipas.info\/index.php?rest_route=\/wp\/v2\/posts\/354\/revisions\/356"}],"wp:attachment":[{"href":"https:\/\/RadarTamaulipas.info\/index.php?rest_route=%2Fwp%2Fv2%2Fmedia&parent=354"}],"wp:term":[{"taxonomy":"category","embeddable":true,"href":"https:\/\/RadarTamaulipas.info\/index.php?rest_route=%2Fwp%2Fv2%2Fcategories&post=354"},{"taxonomy":"post_tag","embeddable":true,"href":"https:\/\/RadarTamaulipas.info\/index.php?rest_route=%2Fwp%2Fv2%2Ftags&post=354"}],"curies":[{"name":"wp","href":"https:\/\/api.w.org\/{rel}","templated":true}]}}