{"id":363,"date":"2026-02-27T06:02:57","date_gmt":"2026-02-27T06:02:57","guid":{"rendered":"https:\/\/RadarTamaulipas.info\/?p=363"},"modified":"2026-03-21T06:23:02","modified_gmt":"2026-03-21T06:23:02","slug":"promueven-uat-y-set-el-talento-matematico-de-la-juventud-tamaulipeca","status":"publish","type":"post","link":"https:\/\/RadarTamaulipas.info\/?p=363","title":{"rendered":"Promueven UAT y SET el talento matem\u00e1tico de la juventud tamaulipeca"},"content":{"rendered":"\n<figure class=\"wp-block-image size-full\"><img loading=\"lazy\" decoding=\"async\" width=\"900\" height=\"600\" src=\"https:\/\/radartamaulipas.info\/wp-content\/uploads\/2026\/03\/3_03d857.jpeg\" alt=\"\" class=\"wp-image-364\" srcset=\"https:\/\/radartamaulipas.info\/wp-content\/uploads\/2026\/03\/3_03d857.jpeg 900w, https:\/\/radartamaulipas.info\/wp-content\/uploads\/2026\/03\/3_03d857-300x200.jpeg 300w, https:\/\/radartamaulipas.info\/wp-content\/uploads\/2026\/03\/3_03d857-768x512.jpeg 768w\" sizes=\"auto, (max-width: 900px) 100vw, 900px\" \/><\/figure>\n\n\n\n<p><strong>\u00ab<\/strong>&nbsp;Con la participaci\u00f3n de m\u00e1s de mil seiscientos estudiantes de primaria, secundaria y bachillerato, la Universidad Aut\u00f3noma de Tamaulipas (UAT) fue sede de la Etapa Ciudades de la XXVI Olimpiada Nacional de Matem\u00e1ticas en Tamaulipas, consolidando su liderazgo como instituci\u00f3n promotora del talento cient\u00edfico y la excelencia acad\u00e9mica en la entidad.&nbsp;<strong>\u00ab<\/strong><\/p>\n\n\n\n<p>Bajo el liderazgo del rector, D\u00e1maso Anaya Alvarado, la UAT abri\u00f3 sus espacios en las facultades, unidades acad\u00e9micas y escuelas de las distintas sedes del estado para llevar a cabo esta etapa del certamen convocado de manera conjunta por la UAT, la Secretar\u00eda de Educaci\u00f3n de Tamaulipas (SET), la Asociaci\u00f3n Nacional de Profesores de Matem\u00e1ticas y la Olimpiada Nacional de Matem\u00e1ticas para Alumnos de Primaria y Secundaria (ONMAPS) Delegaci\u00f3n Tamaulipas.<\/p>\n\n\n\n<p>Esta alianza institucional refleja la suma de voluntades entre la educaci\u00f3n superior y el sistema educativo estatal para fortalecer la ense\u00f1anza de las matem\u00e1ticas, con el objetivo de reafirmar la visi\u00f3n compartida de impulsar pol\u00edticas que fomenten el talento cient\u00edfico y ampl\u00eden las oportunidades de las nuevas generaciones.<\/p>\n\n\n\n<p>La Etapa Ciudades se llev\u00f3 a cabo este 27 de febrero, de manera simult\u00e1nea, en siete sedes universitarias ubicadas en Nuevo Laredo, Reynosa, Matamoros, Valle Hermoso, Ciudad Victoria, Mante y Tampico. En esta fase se seleccionar\u00e1 un m\u00e1ximo de cuatro participantes por grado escolar con los mejores puntajes, quienes avanzar\u00e1n a la Etapa Estatal.<\/p>\n\n\n\n<p>La siguiente fase se desarrollar\u00e1 el pr\u00f3ximo 13 de marzo, en la Facultad de Comercio y Administraci\u00f3n Victoria, para elegir a los dos mejores puntajes por grado escolar, quienes integrar\u00e1n la selecci\u00f3n que representar\u00e1 a Tamaulipas en la Etapa Nacional, programada para mayo, en Guadalajara, Jalisco.<\/p>\n\n\n\n<p>La amplia participaci\u00f3n registrada en esta jornada demuestra el inter\u00e9s y el talento de la ni\u00f1ez y juventud del estado, e impulsa el m\u00e9rito, la disciplina y la excelencia acad\u00e9mica como pilares fundamentales para el desarrollo de Tamaulipas.<\/p>\n","protected":false},"excerpt":{"rendered":"<p>\u00ab&nbsp;Con la participaci\u00f3n de m\u00e1s de mil seiscientos estudiantes de primaria, secundaria y bachillerato, la Universidad Aut\u00f3noma de<\/p>\n","protected":false},"author":1,"featured_media":0,"comment_status":"open","ping_status":"open","sticky":false,"template":"","format":"standard","meta":{"footnotes":""},"categories":[1],"tags":[],"class_list":["post-363","post","type-post","status-publish","format-standard","hentry","category-tamaulipas"],"_links":{"self":[{"href":"https:\/\/RadarTamaulipas.info\/index.php?rest_route=\/wp\/v2\/posts\/363","targetHints":{"allow":["GET"]}}],"collection":[{"href":"https:\/\/RadarTamaulipas.info\/index.php?rest_route=\/wp\/v2\/posts"}],"about":[{"href":"https:\/\/RadarTamaulipas.info\/index.php?rest_route=\/wp\/v2\/types\/post"}],"author":[{"embeddable":true,"href":"https:\/\/RadarTamaulipas.info\/index.php?rest_route=\/wp\/v2\/users\/1"}],"replies":[{"embeddable":true,"href":"https:\/\/RadarTamaulipas.info\/index.php?rest_route=%2Fwp%2Fv2%2Fcomments&post=363"}],"version-history":[{"count":1,"href":"https:\/\/RadarTamaulipas.info\/index.php?rest_route=\/wp\/v2\/posts\/363\/revisions"}],"predecessor-version":[{"id":365,"href":"https:\/\/RadarTamaulipas.info\/index.php?rest_route=\/wp\/v2\/posts\/363\/revisions\/365"}],"wp:attachment":[{"href":"https:\/\/RadarTamaulipas.info\/index.php?rest_route=%2Fwp%2Fv2%2Fmedia&parent=363"}],"wp:term":[{"taxonomy":"category","embeddable":true,"href":"https:\/\/RadarTamaulipas.info\/index.php?rest_route=%2Fwp%2Fv2%2Fcategories&post=363"},{"taxonomy":"post_tag","embeddable":true,"href":"https:\/\/RadarTamaulipas.info\/index.php?rest_route=%2Fwp%2Fv2%2Ftags&post=363"}],"curies":[{"name":"wp","href":"https:\/\/api.w.org\/{rel}","templated":true}]}}