{"id":370,"date":"2026-03-23T01:14:57","date_gmt":"2026-03-23T01:14:57","guid":{"rendered":"https:\/\/RadarTamaulipas.info\/?p=370"},"modified":"2026-03-25T04:32:06","modified_gmt":"2026-03-25T04:32:06","slug":"tragico-accidente-deja-2-personas-sin-vida-y-10-heridos-en-carretera-la-pesca","status":"publish","type":"post","link":"https:\/\/RadarTamaulipas.info\/?p=370","title":{"rendered":"Tr\u00e1gico accidente deja 2 personas sin vida y 10 heridos en carretera La Pesca"},"content":{"rendered":"\n<figure class=\"wp-block-image size-large\"><img loading=\"lazy\" decoding=\"async\" width=\"1024\" height=\"1013\" src=\"https:\/\/radartamaulipas.info\/wp-content\/uploads\/2026\/03\/IMG-20260322-WA0023-1024x1013.jpg\" alt=\"\" class=\"wp-image-371\" srcset=\"https:\/\/radartamaulipas.info\/wp-content\/uploads\/2026\/03\/IMG-20260322-WA0023-1024x1013.jpg 1024w, https:\/\/radartamaulipas.info\/wp-content\/uploads\/2026\/03\/IMG-20260322-WA0023-300x297.jpg 300w, https:\/\/radartamaulipas.info\/wp-content\/uploads\/2026\/03\/IMG-20260322-WA0023-768x759.jpg 768w, https:\/\/radartamaulipas.info\/wp-content\/uploads\/2026\/03\/IMG-20260322-WA0023.jpg 1080w\" sizes=\"auto, (max-width: 1024px) 100vw, 1024px\" \/><\/figure>\n\n\n\n<p>Por: Alfredo Uvalle <\/p>\n\n\n\n<p>Dos personas fallecidas y al menos 10 lesionadas es el saldo de un tr\u00e1gico accidente registrado cerca de Playa La Pesca municipio de Soto La Marina. <\/p>\n\n\n\n<p>En el encontronazo participaron un autob\u00fas y una camioneta, autoridades de la Guardia Nacional y Protecci\u00f3n Civil del Municipio y Guardia Estatal, as\u00ed como de la zona naval, brindaron atenci\u00f3n a las personas heridas. Los hechos se registraron a tan solo 10 minutos antes de de llegar a la playa, sitio tur\u00edstico reconocido y preferido por los vacacionistas, lamentablemente en la antesala a de semana santa se este tramo carretero cobra las primeras victimas del 2026.<\/p>\n\n\n\n<p> Las autoridades implementaron el protocolo y acordonaron el \u00e1rea para realizar las diligencias correspondientes, interrumpiendo el tr\u00e1fico vehicular. Las autoridades no han dado a a conocer las causas del fatal accidente, ni los datos de las v\u00edctimas mortales.<\/p>\n\n\n\n<p> Se exhorta a las y los automovilistas a manejar con precauci\u00f3n, respetar los l\u00edmites de velocidad, evitar los distractores como el uso del celular al manejar y lo no menos importante. Evitar conducir en estado incomveniente.<\/p>\n","protected":false},"excerpt":{"rendered":"<p>Por: Alfredo Uvalle Dos personas fallecidas y al menos 10 lesionadas es el saldo de un tr\u00e1gico accidente<\/p>\n","protected":false},"author":1,"featured_media":0,"comment_status":"open","ping_status":"open","sticky":false,"template":"","format":"standard","meta":{"footnotes":""},"categories":[3],"tags":[],"class_list":["post-370","post","type-post","status-publish","format-standard","hentry","category-seguridad"],"_links":{"self":[{"href":"https:\/\/RadarTamaulipas.info\/index.php?rest_route=\/wp\/v2\/posts\/370","targetHints":{"allow":["GET"]}}],"collection":[{"href":"https:\/\/RadarTamaulipas.info\/index.php?rest_route=\/wp\/v2\/posts"}],"about":[{"href":"https:\/\/RadarTamaulipas.info\/index.php?rest_route=\/wp\/v2\/types\/post"}],"author":[{"embeddable":true,"href":"https:\/\/RadarTamaulipas.info\/index.php?rest_route=\/wp\/v2\/users\/1"}],"replies":[{"embeddable":true,"href":"https:\/\/RadarTamaulipas.info\/index.php?rest_route=%2Fwp%2Fv2%2Fcomments&post=370"}],"version-history":[{"count":2,"href":"https:\/\/RadarTamaulipas.info\/index.php?rest_route=\/wp\/v2\/posts\/370\/revisions"}],"predecessor-version":[{"id":416,"href":"https:\/\/RadarTamaulipas.info\/index.php?rest_route=\/wp\/v2\/posts\/370\/revisions\/416"}],"wp:attachment":[{"href":"https:\/\/RadarTamaulipas.info\/index.php?rest_route=%2Fwp%2Fv2%2Fmedia&parent=370"}],"wp:term":[{"taxonomy":"category","embeddable":true,"href":"https:\/\/RadarTamaulipas.info\/index.php?rest_route=%2Fwp%2Fv2%2Fcategories&post=370"},{"taxonomy":"post_tag","embeddable":true,"href":"https:\/\/RadarTamaulipas.info\/index.php?rest_route=%2Fwp%2Fv2%2Ftags&post=370"}],"curies":[{"name":"wp","href":"https:\/\/api.w.org\/{rel}","templated":true}]}}