{"id":394,"date":"2026-03-25T00:42:59","date_gmt":"2026-03-25T00:42:59","guid":{"rendered":"https:\/\/RadarTamaulipas.info\/?p=394"},"modified":"2026-03-25T04:34:01","modified_gmt":"2026-03-25T04:34:01","slug":"fiscalia-de-justicia-realiza-acciones-de-proximidad-en-tamaulipas","status":"publish","type":"post","link":"https:\/\/RadarTamaulipas.info\/?p=394","title":{"rendered":"Fiscal\u00eda de Justicia realiza acciones de proximidad en Tamaulipas"},"content":{"rendered":"\n<figure class=\"wp-block-image size-full\"><img loading=\"lazy\" decoding=\"async\" width=\"470\" height=\"594\" src=\"https:\/\/radartamaulipas.info\/wp-content\/uploads\/2026\/03\/IMG-20260324-WA0009.jpg\" alt=\"\" class=\"wp-image-395\" srcset=\"https:\/\/radartamaulipas.info\/wp-content\/uploads\/2026\/03\/IMG-20260324-WA0009.jpg 470w, https:\/\/radartamaulipas.info\/wp-content\/uploads\/2026\/03\/IMG-20260324-WA0009-237x300.jpg 237w\" sizes=\"auto, (max-width: 470px) 100vw, 470px\" \/><\/figure>\n\n\n\n<p> Por:  Redacci\u00f3n<\/p>\n\n\n\n<p>Como parte de la campa\u00f1a permanente \u201cPrevenci\u00f3n y Disuasi\u00f3n del Delito de Extorsi\u00f3n y Secuestro\u201d, personal de la Unidad de Manejo de Crisis y Negociaci\u00f3n, de la Unidad Especializada en Combate al Secuestro y la Extorsi\u00f3n, de la Fiscal\u00eda General de Justicia del Estado de Tamaulipas, llev\u00f3 a cabo actividades de proximidad y prevenci\u00f3n en la zona centro de la capital de Tamaulipas.<\/p>\n\n\n\n<p>Las acciones se realizaron, mediante recorridos informativos en diversos negocios y locales comerciales ubicados en las plazas comerciales de la ciudad, con el objetivo de proporcionar informaci\u00f3n preventiva sobre los delitos de Secuestro y Extorsi\u00f3n. <\/p>\n\n\n\n<p>Durante la jornada, se efectu\u00f3 la entrega de material impreso con recomendaciones de seguridad y se promovi\u00f3 el uso de la plataforma de Denuncia en L\u00ednea de la Fiscal\u00eda Digital, como herramienta accesible y segura para reportar hechos delictivos.<\/p>\n\n\n\n<p>Con estas acciones, la Fiscal\u00eda General de Justicia del Estado de Tamaulipas refrenda su compromiso de fortalecer la cultura de la prevenci\u00f3n, fomentar la denuncia ciudadana y contribuir a la construcci\u00f3n de entornos comerciales m\u00e1s seguros.<\/p>\n","protected":false},"excerpt":{"rendered":"<p>Por: Redacci\u00f3n Como parte de la campa\u00f1a permanente \u201cPrevenci\u00f3n y Disuasi\u00f3n del Delito de Extorsi\u00f3n y Secuestro\u201d, personal<\/p>\n","protected":false},"author":1,"featured_media":0,"comment_status":"open","ping_status":"open","sticky":false,"template":"","format":"standard","meta":{"footnotes":""},"categories":[3],"tags":[],"class_list":["post-394","post","type-post","status-publish","format-standard","hentry","category-seguridad"],"_links":{"self":[{"href":"https:\/\/RadarTamaulipas.info\/index.php?rest_route=\/wp\/v2\/posts\/394","targetHints":{"allow":["GET"]}}],"collection":[{"href":"https:\/\/RadarTamaulipas.info\/index.php?rest_route=\/wp\/v2\/posts"}],"about":[{"href":"https:\/\/RadarTamaulipas.info\/index.php?rest_route=\/wp\/v2\/types\/post"}],"author":[{"embeddable":true,"href":"https:\/\/RadarTamaulipas.info\/index.php?rest_route=\/wp\/v2\/users\/1"}],"replies":[{"embeddable":true,"href":"https:\/\/RadarTamaulipas.info\/index.php?rest_route=%2Fwp%2Fv2%2Fcomments&post=394"}],"version-history":[{"count":2,"href":"https:\/\/RadarTamaulipas.info\/index.php?rest_route=\/wp\/v2\/posts\/394\/revisions"}],"predecessor-version":[{"id":399,"href":"https:\/\/RadarTamaulipas.info\/index.php?rest_route=\/wp\/v2\/posts\/394\/revisions\/399"}],"wp:attachment":[{"href":"https:\/\/RadarTamaulipas.info\/index.php?rest_route=%2Fwp%2Fv2%2Fmedia&parent=394"}],"wp:term":[{"taxonomy":"category","embeddable":true,"href":"https:\/\/RadarTamaulipas.info\/index.php?rest_route=%2Fwp%2Fv2%2Fcategories&post=394"},{"taxonomy":"post_tag","embeddable":true,"href":"https:\/\/RadarTamaulipas.info\/index.php?rest_route=%2Fwp%2Fv2%2Ftags&post=394"}],"curies":[{"name":"wp","href":"https:\/\/api.w.org\/{rel}","templated":true}]}}