{"id":41,"date":"2026-03-11T23:32:59","date_gmt":"2026-03-11T23:32:59","guid":{"rendered":"http:\/\/radartamaulipas.info\/?p=41"},"modified":"2026-03-11T23:33:00","modified_gmt":"2026-03-11T23:33:00","slug":"impulsa-gobierno-de-tamaulipas-infraestructura-educativa-en-san-nicolas","status":"publish","type":"post","link":"https:\/\/RadarTamaulipas.info\/?p=41","title":{"rendered":"Impulsa Gobierno de Tamaulipas infraestructura educativa en San Nicol\u00e1s"},"content":{"rendered":"\n<p>San Nicol\u00e1s, Tamaulipas. \u2013 El Gobierno del Estado de Tamaulipas, encabezado<br>por Am\u00e9rico Villarreal Anaya, contin\u00faa impulsando el fortalecimiento de la<br>infraestructura educativa en distintos municipios de la entidad.<br>En ese marco, el Instituto Tamaulipeco de Infraestructura F\u00edsica Educativa (ITIFE),<br>organismo sectorizado a la Secretar\u00eda de Obras P\u00fablicas (SOP), inici\u00f3 trabajos de<br>mejora en dos planteles ubicados en la cabecera municipal de San Nicol\u00e1s con<br>una inversi\u00f3n de 2.6 millones de pesos.<br>El director general del ITIFE, Sergio Castillo Sag\u00e1stegui indic\u00f3 que se llevan a<br>cabo trabajos en la Escuela Primaria Leona Vicario con la construcci\u00f3n de un<br>desayunador tipo Colibr\u00ed, cisterna, adem\u00e1s de la rehabilitaci\u00f3n el\u00e9ctrica,<br>mejoramiento de servicios sanitarios y una intervenci\u00f3n general del plantel.<br>Asimismo, apunt\u00f3 que en el Telebachillerato Comunitario No. 39 se rehabilitar\u00e1n<br>aulas, con pintura, mejora de instalaciones el\u00e9ctricas, sanitarios y construcci\u00f3n de<br>cisterna, lo que permitir\u00e1 brindar mejores condiciones para las y los estudiantes de<br>esta escuela.<br>Castillo Sag\u00e1stegui, reafirma el compromiso de la actual administraci\u00f3n estatal con<br>la educaci\u00f3n al ser una prioridad la construcci\u00f3n y dignificaci\u00f3n de los espacios<br>p\u00fablicos en los planteles y escuelas de todo el estado.<\/p>\n\n\n\n<figure class=\"wp-block-image size-large\"><img loading=\"lazy\" decoding=\"async\" width=\"1024\" height=\"815\" src=\"http:\/\/radartamaulipas.info\/wp-content\/uploads\/2026\/03\/ITI-002-2026.-Impulsa-Gobierno-de-Tamaulipas-infraestructura-educativa-en-San-Nicolas-4-1024x815.jpeg\" alt=\"\" class=\"wp-image-42\" srcset=\"https:\/\/radartamaulipas.info\/wp-content\/uploads\/2026\/03\/ITI-002-2026.-Impulsa-Gobierno-de-Tamaulipas-infraestructura-educativa-en-San-Nicolas-4-1024x815.jpeg 1024w, https:\/\/radartamaulipas.info\/wp-content\/uploads\/2026\/03\/ITI-002-2026.-Impulsa-Gobierno-de-Tamaulipas-infraestructura-educativa-en-San-Nicolas-4-300x239.jpeg 300w, https:\/\/radartamaulipas.info\/wp-content\/uploads\/2026\/03\/ITI-002-2026.-Impulsa-Gobierno-de-Tamaulipas-infraestructura-educativa-en-San-Nicolas-4-768x612.jpeg 768w, https:\/\/radartamaulipas.info\/wp-content\/uploads\/2026\/03\/ITI-002-2026.-Impulsa-Gobierno-de-Tamaulipas-infraestructura-educativa-en-San-Nicolas-4-1536x1223.jpeg 1536w, https:\/\/radartamaulipas.info\/wp-content\/uploads\/2026\/03\/ITI-002-2026.-Impulsa-Gobierno-de-Tamaulipas-infraestructura-educativa-en-San-Nicolas-4.jpeg 1600w\" sizes=\"auto, (max-width: 1024px) 100vw, 1024px\" \/><\/figure>\n","protected":false},"excerpt":{"rendered":"<p>San Nicol\u00e1s, Tamaulipas. \u2013 El Gobierno del Estado de Tamaulipas, encabezadopor Am\u00e9rico Villarreal Anaya, contin\u00faa impulsando el fortalecimiento<\/p>\n","protected":false},"author":1,"featured_media":0,"comment_status":"open","ping_status":"open","sticky":false,"template":"","format":"standard","meta":{"footnotes":""},"categories":[1],"tags":[],"class_list":["post-41","post","type-post","status-publish","format-standard","hentry","category-tamaulipas"],"_links":{"self":[{"href":"https:\/\/RadarTamaulipas.info\/index.php?rest_route=\/wp\/v2\/posts\/41","targetHints":{"allow":["GET"]}}],"collection":[{"href":"https:\/\/RadarTamaulipas.info\/index.php?rest_route=\/wp\/v2\/posts"}],"about":[{"href":"https:\/\/RadarTamaulipas.info\/index.php?rest_route=\/wp\/v2\/types\/post"}],"author":[{"embeddable":true,"href":"https:\/\/RadarTamaulipas.info\/index.php?rest_route=\/wp\/v2\/users\/1"}],"replies":[{"embeddable":true,"href":"https:\/\/RadarTamaulipas.info\/index.php?rest_route=%2Fwp%2Fv2%2Fcomments&post=41"}],"version-history":[{"count":1,"href":"https:\/\/RadarTamaulipas.info\/index.php?rest_route=\/wp\/v2\/posts\/41\/revisions"}],"predecessor-version":[{"id":43,"href":"https:\/\/RadarTamaulipas.info\/index.php?rest_route=\/wp\/v2\/posts\/41\/revisions\/43"}],"wp:attachment":[{"href":"https:\/\/RadarTamaulipas.info\/index.php?rest_route=%2Fwp%2Fv2%2Fmedia&parent=41"}],"wp:term":[{"taxonomy":"category","embeddable":true,"href":"https:\/\/RadarTamaulipas.info\/index.php?rest_route=%2Fwp%2Fv2%2Fcategories&post=41"},{"taxonomy":"post_tag","embeddable":true,"href":"https:\/\/RadarTamaulipas.info\/index.php?rest_route=%2Fwp%2Fv2%2Ftags&post=41"}],"curies":[{"name":"wp","href":"https:\/\/api.w.org\/{rel}","templated":true}]}}