{"id":431,"date":"2026-03-25T21:50:19","date_gmt":"2026-03-25T21:50:19","guid":{"rendered":"https:\/\/RadarTamaulipas.info\/?p=431"},"modified":"2026-03-25T21:53:51","modified_gmt":"2026-03-25T21:53:51","slug":"fiscalia-vincula-a-proceso-a-4-reynosenses-por-secuestro","status":"publish","type":"post","link":"https:\/\/RadarTamaulipas.info\/?p=431","title":{"rendered":"Fiscal\u00eda vincula a proceso a 4 reynosenses por secuestro"},"content":{"rendered":"\n<figure class=\"wp-block-gallery has-nested-images columns-default is-cropped wp-block-gallery-1 is-layout-flex wp-block-gallery-is-layout-flex\">\n<figure class=\"wp-block-image size-large\"><img loading=\"lazy\" decoding=\"async\" width=\"1024\" height=\"1024\" data-id=\"432\" src=\"https:\/\/radartamaulipas.info\/wp-content\/uploads\/2026\/03\/IMG-20260325-WA0009-1024x1024.jpg\" alt=\"\" class=\"wp-image-432\" srcset=\"https:\/\/radartamaulipas.info\/wp-content\/uploads\/2026\/03\/IMG-20260325-WA0009-1024x1024.jpg 1024w, https:\/\/radartamaulipas.info\/wp-content\/uploads\/2026\/03\/IMG-20260325-WA0009-300x300.jpg 300w, https:\/\/radartamaulipas.info\/wp-content\/uploads\/2026\/03\/IMG-20260325-WA0009-150x150.jpg 150w, https:\/\/radartamaulipas.info\/wp-content\/uploads\/2026\/03\/IMG-20260325-WA0009-768x768.jpg 768w, https:\/\/radartamaulipas.info\/wp-content\/uploads\/2026\/03\/IMG-20260325-WA0009.jpg 1080w\" sizes=\"auto, (max-width: 1024px) 100vw, 1024px\" \/><\/figure>\n\n\n\n<figure class=\"wp-block-image size-large\"><img loading=\"lazy\" decoding=\"async\" width=\"1024\" height=\"1024\" data-id=\"435\" src=\"https:\/\/radartamaulipas.info\/wp-content\/uploads\/2026\/03\/IMG-20260325-WA0007-1024x1024.jpg\" alt=\"\" class=\"wp-image-435\" srcset=\"https:\/\/radartamaulipas.info\/wp-content\/uploads\/2026\/03\/IMG-20260325-WA0007-1024x1024.jpg 1024w, https:\/\/radartamaulipas.info\/wp-content\/uploads\/2026\/03\/IMG-20260325-WA0007-300x300.jpg 300w, https:\/\/radartamaulipas.info\/wp-content\/uploads\/2026\/03\/IMG-20260325-WA0007-150x150.jpg 150w, https:\/\/radartamaulipas.info\/wp-content\/uploads\/2026\/03\/IMG-20260325-WA0007-768x768.jpg 768w, https:\/\/radartamaulipas.info\/wp-content\/uploads\/2026\/03\/IMG-20260325-WA0007.jpg 1080w\" sizes=\"auto, (max-width: 1024px) 100vw, 1024px\" \/><\/figure>\n\n\n\n<figure class=\"wp-block-image size-large\"><img loading=\"lazy\" decoding=\"async\" width=\"1024\" height=\"1024\" data-id=\"434\" src=\"https:\/\/radartamaulipas.info\/wp-content\/uploads\/2026\/03\/IMG-20260325-WA0006-1024x1024.jpg\" alt=\"\" class=\"wp-image-434\" srcset=\"https:\/\/radartamaulipas.info\/wp-content\/uploads\/2026\/03\/IMG-20260325-WA0006-1024x1024.jpg 1024w, https:\/\/radartamaulipas.info\/wp-content\/uploads\/2026\/03\/IMG-20260325-WA0006-300x300.jpg 300w, https:\/\/radartamaulipas.info\/wp-content\/uploads\/2026\/03\/IMG-20260325-WA0006-150x150.jpg 150w, https:\/\/radartamaulipas.info\/wp-content\/uploads\/2026\/03\/IMG-20260325-WA0006-768x768.jpg 768w, https:\/\/radartamaulipas.info\/wp-content\/uploads\/2026\/03\/IMG-20260325-WA0006.jpg 1080w\" sizes=\"auto, (max-width: 1024px) 100vw, 1024px\" \/><\/figure>\n\n\n\n<figure class=\"wp-block-image size-large\"><img loading=\"lazy\" decoding=\"async\" width=\"1024\" height=\"1024\" data-id=\"433\" src=\"https:\/\/radartamaulipas.info\/wp-content\/uploads\/2026\/03\/IMG-20260325-WA0008-1024x1024.jpg\" alt=\"\" class=\"wp-image-433\" srcset=\"https:\/\/radartamaulipas.info\/wp-content\/uploads\/2026\/03\/IMG-20260325-WA0008-1024x1024.jpg 1024w, https:\/\/radartamaulipas.info\/wp-content\/uploads\/2026\/03\/IMG-20260325-WA0008-300x300.jpg 300w, https:\/\/radartamaulipas.info\/wp-content\/uploads\/2026\/03\/IMG-20260325-WA0008-150x150.jpg 150w, https:\/\/radartamaulipas.info\/wp-content\/uploads\/2026\/03\/IMG-20260325-WA0008-768x768.jpg 768w, https:\/\/radartamaulipas.info\/wp-content\/uploads\/2026\/03\/IMG-20260325-WA0008.jpg 1080w\" sizes=\"auto, (max-width: 1024px) 100vw, 1024px\" \/><\/figure>\n<\/figure>\n\n\n\n\n\n<figure class=\"wp-block-gallery has-nested-images columns-default is-cropped wp-block-gallery-2 is-layout-flex wp-block-gallery-is-layout-flex\"><\/figure>\n\n\n\n<figure class=\"wp-block-gallery has-nested-images columns-default is-cropped wp-block-gallery-3 is-layout-flex wp-block-gallery-is-layout-flex\"><\/figure>\n\n\n\n<figure class=\"wp-block-gallery has-nested-images columns-default is-cropped wp-block-gallery-4 is-layout-flex wp-block-gallery-is-layout-flex\"><\/figure>\n\n\n\n<p>Por: Redacci\u00f3n <\/p>\n\n\n\n<p>Con base en los datos de prueba presentados por el Agente del Ministerio P\u00fablico, adscrito a la Unidad Especializada en Combate al Secuestro y Extorsi\u00f3n (UECSE) de la Fiscal\u00eda General de Justicia del Estado de Tamaulipas, un Juez de Control vincul\u00f3 a proceso a Rubio David \u201cG\u201d, \u00c1ngela \u201cO\u201d, Laura Elena \u201cM\u201d y Ezequiel \u201cS\u201d, por su probable responsabilidad en el delito de Secuestro Expr\u00e9s.<\/p>\n\n\n\n<p>Los hechos que se les imputan ocurrieron el pasado 05 de marzo de 2026, en esta ciudad, donde las personas imputadas, quienes se desempe\u00f1aban como elementos de una corporaci\u00f3n de seguridad, habr\u00edan participado en la comisi\u00f3n del delito referido. <\/p>\n\n\n\n<p>La autoridad judicial determin\u00f3 imponer la medida cautelar de prisi\u00f3n preventiva por el tiempo que dure el proceso, adem\u00e1s de fijar un plazo de tres meses para la investigaci\u00f3n complementaria.<\/p>\n\n\n\n<p>Con esta resoluci\u00f3n, la Fiscal\u00eda General de Justicia del Estado de Tamaulipas reitera que no habr\u00e1 impunidad para quienes atenten contra la libertad y el patrimonio de las y los tamaulipecos.<\/p>\n","protected":false},"excerpt":{"rendered":"<p>Por: Redacci\u00f3n Con base en los datos de prueba presentados por el Agente del Ministerio P\u00fablico, adscrito a<\/p>\n","protected":false},"author":1,"featured_media":0,"comment_status":"closed","ping_status":"open","sticky":false,"template":"","format":"standard","meta":{"footnotes":""},"categories":[3],"tags":[],"class_list":["post-431","post","type-post","status-publish","format-standard","hentry","category-seguridad"],"_links":{"self":[{"href":"https:\/\/RadarTamaulipas.info\/index.php?rest_route=\/wp\/v2\/posts\/431","targetHints":{"allow":["GET"]}}],"collection":[{"href":"https:\/\/RadarTamaulipas.info\/index.php?rest_route=\/wp\/v2\/posts"}],"about":[{"href":"https:\/\/RadarTamaulipas.info\/index.php?rest_route=\/wp\/v2\/types\/post"}],"author":[{"embeddable":true,"href":"https:\/\/RadarTamaulipas.info\/index.php?rest_route=\/wp\/v2\/users\/1"}],"replies":[{"embeddable":true,"href":"https:\/\/RadarTamaulipas.info\/index.php?rest_route=%2Fwp%2Fv2%2Fcomments&post=431"}],"version-history":[{"count":2,"href":"https:\/\/RadarTamaulipas.info\/index.php?rest_route=\/wp\/v2\/posts\/431\/revisions"}],"predecessor-version":[{"id":438,"href":"https:\/\/RadarTamaulipas.info\/index.php?rest_route=\/wp\/v2\/posts\/431\/revisions\/438"}],"wp:attachment":[{"href":"https:\/\/RadarTamaulipas.info\/index.php?rest_route=%2Fwp%2Fv2%2Fmedia&parent=431"}],"wp:term":[{"taxonomy":"category","embeddable":true,"href":"https:\/\/RadarTamaulipas.info\/index.php?rest_route=%2Fwp%2Fv2%2Fcategories&post=431"},{"taxonomy":"post_tag","embeddable":true,"href":"https:\/\/RadarTamaulipas.info\/index.php?rest_route=%2Fwp%2Fv2%2Ftags&post=431"}],"curies":[{"name":"wp","href":"https:\/\/api.w.org\/{rel}","templated":true}]}}