{"id":440,"date":"2026-03-26T01:43:47","date_gmt":"2026-03-26T01:43:47","guid":{"rendered":"https:\/\/RadarTamaulipas.info\/?p=440"},"modified":"2026-03-26T01:43:48","modified_gmt":"2026-03-26T01:43:48","slug":"todo-listo-para-vacaciones-de-semana-santa-en-ciudad-victoria","status":"publish","type":"post","link":"https:\/\/RadarTamaulipas.info\/?p=440","title":{"rendered":"Todo listo para vacaciones de semana santa en Ciudad Victoria"},"content":{"rendered":"\n<figure class=\"wp-block-image size-full\"><img loading=\"lazy\" decoding=\"async\" width=\"877\" height=\"595\" src=\"https:\/\/radartamaulipas.info\/wp-content\/uploads\/2026\/03\/IMG-20260325-WA0012.jpg\" alt=\"\" class=\"wp-image-441\" srcset=\"https:\/\/radartamaulipas.info\/wp-content\/uploads\/2026\/03\/IMG-20260325-WA0012.jpg 877w, https:\/\/radartamaulipas.info\/wp-content\/uploads\/2026\/03\/IMG-20260325-WA0012-300x204.jpg 300w, https:\/\/radartamaulipas.info\/wp-content\/uploads\/2026\/03\/IMG-20260325-WA0012-768x521.jpg 768w\" sizes=\"auto, (max-width: 877px) 100vw, 877px\" \/><\/figure>\n\n\n\n<p><\/p>\n\n\n\n<p>Por:  Alfredo Uvalle<\/p>\n\n\n\n<p>Con una derrama econ\u00f3mica estimada en los 95 millones de pesos, el alcalde de Victoria Eduardo Gatt\u00e1s B\u00e1z, acompa\u00f1ado de los presidentes de la CANACO, CANIRAC y sector hotelero, as\u00ed como de los directores de los museos culturales y de la presidenta del DIF Victoria, Lucy Rodr\u00edguez, present\u00f3 en conferencia de prensa el calendario de actividades para las vacaciones de semana santa 2026 en la capital del estado, cifra que significa un 10% m\u00e1s a comparaci\u00f3n del mismo periodo del a\u00f1o pasado. <\/p>\n\n\n\n<p>\u201cEn visitantes de m\u00e1s de 93 mil a una proyecci\u00f3n de alrededor de 100 mil visitantes y en una ocupaci\u00f3n hotelera de un 48% en el 2025 a m\u00e1s del 52%, esto no es una casualidad este es el resultado de un trabajo coordinado de promoci\u00f3n y de generar confianza\u201d, se\u00f1al\u00f3. <\/p>\n\n\n\n<p>Los representantes de organismos camarales exhortaron a la ciudadan\u00eda a quedarse en Victoria y a consumir local, de acuerdo con lo pronunciado por Jes\u00fas Arnoldo Gonz\u00e1lez, dirigente de CANIRAC. <\/p>\n\n\n\n<p>\u201cNuestros restaurantes est\u00e1n preparados para brindar experiencias seguras familiares y de primer nivel a todos nuestros visitantes ya nuestra gente\u201d. <\/p>\n\n\n\n<p>\u201cNos interesa que el comercio se detone, poder aprovechar estas fechas, que, si bien mucha gente sale de la ciudad, mucha gente viene\u201d, dijo Mario Ramos vicepresidente de CANACO.  <\/p>\n\n\n\n<p>Por su parte Diana C\u00e9spedes Gonz\u00e1lez, Directora de Relaciones P\u00fablicas, dijo que del 30 de marzo al 3 de abril se realizar\u00e1n las actividades con el despliegue de un operativo de seguridad en todos los puntos tur\u00edsticos de la capital del estado, mientras que en el lecho del Rio San Marcos, se presentar\u00e1 una amplia cartelera musical. \u201cVamos a tener degustaci\u00f3n de carne asada, va a ver lonches, paletas de hielo, elotes, y palomitas gratis para hacer una fiesta para todos los victorenses\u201d, se\u00f1al\u00f3. <\/p>\n\n\n\n<p>El Mirador de Altas Cumbres, Los Troncones, El Ojito, Museos, Zool\u00f3gico de Tamat\u00e1n, Zumbat\u00f3n, Lucha Libre, albercas, caminata canina, San Markids, rodada ciclista y el segundo festival de la flauta, adem\u00e1s de los grupos musicales en el San Marcazo durante toda la semana santa, son partes de las actividades.<\/p>\n","protected":false},"excerpt":{"rendered":"<p>Por: Alfredo Uvalle Con una derrama econ\u00f3mica estimada en los 95 millones de pesos, el alcalde de Victoria<\/p>\n","protected":false},"author":1,"featured_media":0,"comment_status":"open","ping_status":"open","sticky":false,"template":"","format":"standard","meta":{"footnotes":""},"categories":[1],"tags":[],"class_list":["post-440","post","type-post","status-publish","format-standard","hentry","category-tamaulipas"],"_links":{"self":[{"href":"https:\/\/RadarTamaulipas.info\/index.php?rest_route=\/wp\/v2\/posts\/440","targetHints":{"allow":["GET"]}}],"collection":[{"href":"https:\/\/RadarTamaulipas.info\/index.php?rest_route=\/wp\/v2\/posts"}],"about":[{"href":"https:\/\/RadarTamaulipas.info\/index.php?rest_route=\/wp\/v2\/types\/post"}],"author":[{"embeddable":true,"href":"https:\/\/RadarTamaulipas.info\/index.php?rest_route=\/wp\/v2\/users\/1"}],"replies":[{"embeddable":true,"href":"https:\/\/RadarTamaulipas.info\/index.php?rest_route=%2Fwp%2Fv2%2Fcomments&post=440"}],"version-history":[{"count":1,"href":"https:\/\/RadarTamaulipas.info\/index.php?rest_route=\/wp\/v2\/posts\/440\/revisions"}],"predecessor-version":[{"id":442,"href":"https:\/\/RadarTamaulipas.info\/index.php?rest_route=\/wp\/v2\/posts\/440\/revisions\/442"}],"wp:attachment":[{"href":"https:\/\/RadarTamaulipas.info\/index.php?rest_route=%2Fwp%2Fv2%2Fmedia&parent=440"}],"wp:term":[{"taxonomy":"category","embeddable":true,"href":"https:\/\/RadarTamaulipas.info\/index.php?rest_route=%2Fwp%2Fv2%2Fcategories&post=440"},{"taxonomy":"post_tag","embeddable":true,"href":"https:\/\/RadarTamaulipas.info\/index.php?rest_route=%2Fwp%2Fv2%2Ftags&post=440"}],"curies":[{"name":"wp","href":"https:\/\/api.w.org\/{rel}","templated":true}]}}