{"id":443,"date":"2026-03-26T01:46:51","date_gmt":"2026-03-26T01:46:51","guid":{"rendered":"https:\/\/RadarTamaulipas.info\/?p=443"},"modified":"2026-03-26T01:46:52","modified_gmt":"2026-03-26T01:46:52","slug":"dif-victoria-invita-a-las-familias-a-disfrutar-de-las-albercas-gratuitas-en-los-cedif-este-periodo-vacacional","status":"publish","type":"post","link":"https:\/\/RadarTamaulipas.info\/?p=443","title":{"rendered":"DIF Victoria invita a las familias a disfrutar de las albercas gratuitas en los CEDIF este periodo vacacional"},"content":{"rendered":"\n<figure class=\"wp-block-image size-full\"><img loading=\"lazy\" decoding=\"async\" width=\"795\" height=\"563\" src=\"https:\/\/radartamaulipas.info\/wp-content\/uploads\/2026\/03\/IMG-20260325-WA0013.jpg\" alt=\"\" class=\"wp-image-444\" srcset=\"https:\/\/radartamaulipas.info\/wp-content\/uploads\/2026\/03\/IMG-20260325-WA0013.jpg 795w, https:\/\/radartamaulipas.info\/wp-content\/uploads\/2026\/03\/IMG-20260325-WA0013-300x212.jpg 300w, https:\/\/radartamaulipas.info\/wp-content\/uploads\/2026\/03\/IMG-20260325-WA0013-768x544.jpg 768w\" sizes=\"auto, (max-width: 795px) 100vw, 795px\" \/><\/figure>\n\n\n\n<p>Por:  Alfredo Uvalle <\/p>\n\n\n\n<p>Con el objetivo de ofrecer espacios de sano esparcimiento y convivencia familiar durante la Semana Santa, la presidenta del DIF Victoria, Lucy Rodr\u00edguez de Gatt\u00e1s, anunci\u00f3 la apertura al p\u00fablico de las albercas en los Centros de Desarrollo Integral de la Familia (CEDIF) n\u00fameros 2 y 3, quedando excluido el n\u00famero uno debido a la profundidad que presneta y asi para prevenir sitruaciones de riesgo. <\/p>\n\n\n\n<p>Para garantizar que todas las familias victorenses puedan disfrutar de un momento de descanso y diversi\u00f3n, el acceso a estas instalaciones ser\u00e1 totalmente gratuito. El horario de servicio ser\u00e1 de 10:00 de la ma\u00f1ana a 7:00 de la tarde, permitiendo que los visitantes aprovechen al m\u00e1ximo el clima de la temporada.<\/p>\n\n\n\n<p>Seguridad y atenci\u00f3n personalizadaLa presidenta del DIF Victoria subray\u00f3 que la seguridad de los asistentes es la prioridad n\u00famero uno. Por ello, se ha dispuesto de personal altamente capacitado que brindar\u00e1 atenci\u00f3n personalizada y vigilancia constante en las \u00e1reas de albercas.<\/p>\n\n\n\n<p>\u201cVa a haber personal capacitado, va a haber personal para que los ni\u00f1os se puedan entretener; vamos a estar muy enfocados en ellos, no van a estar solos\u201d, asegur\u00f3 Lucy Rodr\u00edguez. <\/p>\n\n\n\n<p>Prevenci\u00f3n ante todoComo parte de las medidas de seguridad, la titular del DIF explic\u00f3 que \u00fanicamente estar\u00e1n operando las albercas de los CEDIF 2 y 3. Detall\u00f3 que la alberca del CEDIF 1 no ser\u00e1 abierta al p\u00fablico debido a su profundidad, priorizando as\u00ed el bienestar de los m\u00e1s peque\u00f1os.<\/p>\n\n\n\n<p>\u201cSomos demasiado precavidos y por eso ahorita nada m\u00e1s estamos con la alberca del CEDIF 2 y con la del CEDIF 3, porque la del CEDIF 1 est\u00e1 muy honda\u201d, puntualiz\u00f3, reafirmando el compromiso de la instituci\u00f3n con la protecci\u00f3n de las familias.<\/p>\n\n\n\n<p>Con estas acciones, el DIF Victoria busca que la ciudadan\u00eda cuente con opciones recreativas seguras, accesibles y de calidad durante estos d\u00edas de asueto.<\/p>\n","protected":false},"excerpt":{"rendered":"<p>Por: Alfredo Uvalle Con el objetivo de ofrecer espacios de sano esparcimiento y convivencia familiar durante la Semana<\/p>\n","protected":false},"author":1,"featured_media":0,"comment_status":"open","ping_status":"open","sticky":false,"template":"","format":"standard","meta":{"footnotes":""},"categories":[1],"tags":[],"class_list":["post-443","post","type-post","status-publish","format-standard","hentry","category-tamaulipas"],"_links":{"self":[{"href":"https:\/\/RadarTamaulipas.info\/index.php?rest_route=\/wp\/v2\/posts\/443","targetHints":{"allow":["GET"]}}],"collection":[{"href":"https:\/\/RadarTamaulipas.info\/index.php?rest_route=\/wp\/v2\/posts"}],"about":[{"href":"https:\/\/RadarTamaulipas.info\/index.php?rest_route=\/wp\/v2\/types\/post"}],"author":[{"embeddable":true,"href":"https:\/\/RadarTamaulipas.info\/index.php?rest_route=\/wp\/v2\/users\/1"}],"replies":[{"embeddable":true,"href":"https:\/\/RadarTamaulipas.info\/index.php?rest_route=%2Fwp%2Fv2%2Fcomments&post=443"}],"version-history":[{"count":1,"href":"https:\/\/RadarTamaulipas.info\/index.php?rest_route=\/wp\/v2\/posts\/443\/revisions"}],"predecessor-version":[{"id":445,"href":"https:\/\/RadarTamaulipas.info\/index.php?rest_route=\/wp\/v2\/posts\/443\/revisions\/445"}],"wp:attachment":[{"href":"https:\/\/RadarTamaulipas.info\/index.php?rest_route=%2Fwp%2Fv2%2Fmedia&parent=443"}],"wp:term":[{"taxonomy":"category","embeddable":true,"href":"https:\/\/RadarTamaulipas.info\/index.php?rest_route=%2Fwp%2Fv2%2Fcategories&post=443"},{"taxonomy":"post_tag","embeddable":true,"href":"https:\/\/RadarTamaulipas.info\/index.php?rest_route=%2Fwp%2Fv2%2Ftags&post=443"}],"curies":[{"name":"wp","href":"https:\/\/api.w.org\/{rel}","templated":true}]}}