{"id":456,"date":"2026-03-26T23:52:38","date_gmt":"2026-03-26T23:52:38","guid":{"rendered":"http:\/\/RadarTamaulipas.info\/?p=456"},"modified":"2026-03-27T03:12:11","modified_gmt":"2026-03-27T03:12:11","slug":"orgullo-victorense-paulette-filizola-rodriguez-se-corona-campeona-regional-y-vuela-hacia-la-olimpiada-nacional-2026","status":"publish","type":"post","link":"https:\/\/RadarTamaulipas.info\/?p=456","title":{"rendered":"Orgullo Victorense Paulette Filizola Rodr\u00edguez se corona campeona regional y vuela hacia la Olimpiada Nacional 2026"},"content":{"rendered":"\n<figure class=\"wp-block-image size-full\"><img loading=\"lazy\" decoding=\"async\" width=\"677\" height=\"700\" src=\"http:\/\/radartamaulipas.info\/wp-content\/uploads\/2026\/03\/IMG-20260326-WA0026.jpg\" alt=\"\" class=\"wp-image-459\" srcset=\"https:\/\/radartamaulipas.info\/wp-content\/uploads\/2026\/03\/IMG-20260326-WA0026.jpg 677w, https:\/\/radartamaulipas.info\/wp-content\/uploads\/2026\/03\/IMG-20260326-WA0026-290x300.jpg 290w\" sizes=\"auto, (max-width: 677px) 100vw, 677px\" \/><\/figure>\n\n\n\n<p>Por:  Alfredo Uvalle <\/p>\n\n\n\n<p>La disciplina y la tenacidad tienen nombre y apellido: Paulette Filizola Rodr\u00edguez. La taekwond\u00edn victorense que ha hecho vibrar el deporte local al superar todas las expectativas y consagrarse como campeona en la etapa regional de los Juegos CONADE 2026, celebrada del 20 al 22 de marzo en el estado de Zacatecas.<\/p>\n\n\n\n<p>Este triunfo no es obra de la casualidad, sino del arduo trabajo realizado en el Gimnasio Dragones, una instituci\u00f3n que se ha consolidado como una verdadera cantera de talento en la capital de Tamaulipas. Al respecto, el profesor Rub\u00e9n Dar\u00edo Vega Reyes destac\u00f3 que el gimnasio sigue rindiendo frutos, formando a ni\u00f1os y j\u00f3venes que, como Paulette Filizola y Alejandra Puente Rodr\u00edguez, han logrado poner en alto el nombre del estado con medallas y campeonatos.<\/p>\n\n\n\n<p>Rumbo a Tlaxcala: El sue\u00f1o nacionalCon el oro regional en sus manos, el pr\u00f3ximo gran reto para Filizola Rodr\u00edguez es la Olimpiada Nacional 2026. El estado de Tlaxcala ser\u00e1 la sede que re\u00fana a la \u00e9lite del taekwondo mexicano en las categor\u00edas infantiles, cadetes y juveniles.<\/p>\n\n\n\n<p>Espec\u00edficamente, ser\u00e1 la ciudad de Apizaco, en la Ciudad del Deporte de Alto Rendimiento, el escenario donde Paulette buscar\u00e1 alcanzar la gloria nacional durante el pr\u00f3ximo mes de mayo.<\/p>\n\n\n\n<p>Paulette Filizola no solo representa a Tamaulipas; se ha convertido en un ejemplo nacional de constancia. Desde su tierra natal, le deseamos el mayor de los \u00e9xitos en esta pr\u00f3xima competencia, con la confianza de que su talento la llevar\u00e1 a obtener los mejores resultados en el p\u00f3dium nacional      \u00a1Mucho \u00e9xito, campeona!<\/p>\n\n\n\n<figure class=\"wp-block-image size-full\"><img loading=\"lazy\" decoding=\"async\" width=\"872\" height=\"603\" src=\"http:\/\/radartamaulipas.info\/wp-content\/uploads\/2026\/03\/IMG-20260326-WA0024-1.jpg\" alt=\"\" class=\"wp-image-460\" srcset=\"https:\/\/radartamaulipas.info\/wp-content\/uploads\/2026\/03\/IMG-20260326-WA0024-1.jpg 872w, https:\/\/radartamaulipas.info\/wp-content\/uploads\/2026\/03\/IMG-20260326-WA0024-1-300x207.jpg 300w, https:\/\/radartamaulipas.info\/wp-content\/uploads\/2026\/03\/IMG-20260326-WA0024-1-768x531.jpg 768w\" sizes=\"auto, (max-width: 872px) 100vw, 872px\" \/><\/figure>\n","protected":false},"excerpt":{"rendered":"<p>Por: Alfredo Uvalle La disciplina y la tenacidad tienen nombre y apellido: Paulette Filizola Rodr\u00edguez. La taekwond\u00edn victorense<\/p>\n","protected":false},"author":1,"featured_media":0,"comment_status":"open","ping_status":"open","sticky":false,"template":"","format":"standard","meta":{"footnotes":""},"categories":[5],"tags":[],"class_list":["post-456","post","type-post","status-publish","format-standard","hentry","category-deportes"],"_links":{"self":[{"href":"https:\/\/RadarTamaulipas.info\/index.php?rest_route=\/wp\/v2\/posts\/456","targetHints":{"allow":["GET"]}}],"collection":[{"href":"https:\/\/RadarTamaulipas.info\/index.php?rest_route=\/wp\/v2\/posts"}],"about":[{"href":"https:\/\/RadarTamaulipas.info\/index.php?rest_route=\/wp\/v2\/types\/post"}],"author":[{"embeddable":true,"href":"https:\/\/RadarTamaulipas.info\/index.php?rest_route=\/wp\/v2\/users\/1"}],"replies":[{"embeddable":true,"href":"https:\/\/RadarTamaulipas.info\/index.php?rest_route=%2Fwp%2Fv2%2Fcomments&post=456"}],"version-history":[{"count":2,"href":"https:\/\/RadarTamaulipas.info\/index.php?rest_route=\/wp\/v2\/posts\/456\/revisions"}],"predecessor-version":[{"id":461,"href":"https:\/\/RadarTamaulipas.info\/index.php?rest_route=\/wp\/v2\/posts\/456\/revisions\/461"}],"wp:attachment":[{"href":"https:\/\/RadarTamaulipas.info\/index.php?rest_route=%2Fwp%2Fv2%2Fmedia&parent=456"}],"wp:term":[{"taxonomy":"category","embeddable":true,"href":"https:\/\/RadarTamaulipas.info\/index.php?rest_route=%2Fwp%2Fv2%2Fcategories&post=456"},{"taxonomy":"post_tag","embeddable":true,"href":"https:\/\/RadarTamaulipas.info\/index.php?rest_route=%2Fwp%2Fv2%2Ftags&post=456"}],"curies":[{"name":"wp","href":"https:\/\/api.w.org\/{rel}","templated":true}]}}