{"id":493,"date":"2026-03-07T20:43:48","date_gmt":"2026-03-07T20:43:48","guid":{"rendered":"https:\/\/RadarTamaulipas.info\/?p=493"},"modified":"2026-03-29T20:44:09","modified_gmt":"2026-03-29T20:44:09","slug":"contribuye-la-uat-en-jornada-nacional-por-la-paz-y-contra-las-adicciones","status":"publish","type":"post","link":"https:\/\/RadarTamaulipas.info\/?p=493","title":{"rendered":"Contribuye la UAT en Jornada Nacional por la Paz y contra las Adicciones"},"content":{"rendered":"\n<figure class=\"wp-block-image size-full\"><img loading=\"lazy\" decoding=\"async\" width=\"900\" height=\"506\" src=\"https:\/\/radartamaulipas.info\/wp-content\/uploads\/2026\/03\/image-5.png\" alt=\"\" class=\"wp-image-494\" srcset=\"https:\/\/radartamaulipas.info\/wp-content\/uploads\/2026\/03\/image-5.png 900w, https:\/\/radartamaulipas.info\/wp-content\/uploads\/2026\/03\/image-5-300x169.png 300w, https:\/\/radartamaulipas.info\/wp-content\/uploads\/2026\/03\/image-5-768x432.png 768w\" sizes=\"auto, (max-width: 900px) 100vw, 900px\" \/><\/figure>\n\n\n\n<p><strong>\u00ab<\/strong>&nbsp;La Universidad Aut\u00f3noma de Tamaulipas (UAT) particip\u00f3 en la 30 Jornada Nacional por la Paz y contra las Adicciones, organizada por la Secretar\u00eda de Educaci\u00f3n P\u00fablica, mediante la realizaci\u00f3n de un recital de lecturas en distintas facultades y unidades acad\u00e9micas, como parte de las actividades art\u00edstico-culturales impulsadas para promover la reflexi\u00f3n y la convivencia en la comunidad universitaria.&nbsp;<strong>\u00ab<\/strong><\/p>\n\n\n\n<p>Durante los d\u00edas 6 y 7 de marzo, estudiantes, docentes y promotores culturales de la UAT se sumaron a esta iniciativa nacional mediante espacios de lectura en atril y presentaciones literarias que invitaron a la comunidad a compartir textos y voces en torno a valores como la paz, la prevenci\u00f3n de las adicciones y el fortalecimiento del bienestar colectivo. Estas actividades, realizadas por la Direcci\u00f3n de cultura y Arte de la UAT, formaron parte de las acciones que la jornada promueve bajo el mensaje \u201cEl fentanilo te mata. Al\u00e9jate de las drogas. Elige ser feliz.\u201d<\/p>\n\n\n\n<p>Con estas acciones, la UAT refrenda su compromiso con la formaci\u00f3n integral de su comunidad universitaria y su participaci\u00f3n activa en iniciativas que promueven el bienestar social, sumados a proyectos y estrategias de alcance nacional orientados a fortalecer la cultura de paz, la prevenci\u00f3n de las adicciones y la construcci\u00f3n de entornos educativos m\u00e1s saludable.<\/p>\n","protected":false},"excerpt":{"rendered":"<p>\u00ab&nbsp;La Universidad Aut\u00f3noma de Tamaulipas (UAT) particip\u00f3 en la 30 Jornada Nacional por la Paz y contra las<\/p>\n","protected":false},"author":1,"featured_media":0,"comment_status":"open","ping_status":"open","sticky":false,"template":"","format":"standard","meta":{"footnotes":""},"categories":[1],"tags":[],"class_list":["post-493","post","type-post","status-publish","format-standard","hentry","category-tamaulipas"],"_links":{"self":[{"href":"https:\/\/RadarTamaulipas.info\/index.php?rest_route=\/wp\/v2\/posts\/493","targetHints":{"allow":["GET"]}}],"collection":[{"href":"https:\/\/RadarTamaulipas.info\/index.php?rest_route=\/wp\/v2\/posts"}],"about":[{"href":"https:\/\/RadarTamaulipas.info\/index.php?rest_route=\/wp\/v2\/types\/post"}],"author":[{"embeddable":true,"href":"https:\/\/RadarTamaulipas.info\/index.php?rest_route=\/wp\/v2\/users\/1"}],"replies":[{"embeddable":true,"href":"https:\/\/RadarTamaulipas.info\/index.php?rest_route=%2Fwp%2Fv2%2Fcomments&post=493"}],"version-history":[{"count":1,"href":"https:\/\/RadarTamaulipas.info\/index.php?rest_route=\/wp\/v2\/posts\/493\/revisions"}],"predecessor-version":[{"id":495,"href":"https:\/\/RadarTamaulipas.info\/index.php?rest_route=\/wp\/v2\/posts\/493\/revisions\/495"}],"wp:attachment":[{"href":"https:\/\/RadarTamaulipas.info\/index.php?rest_route=%2Fwp%2Fv2%2Fmedia&parent=493"}],"wp:term":[{"taxonomy":"category","embeddable":true,"href":"https:\/\/RadarTamaulipas.info\/index.php?rest_route=%2Fwp%2Fv2%2Fcategories&post=493"},{"taxonomy":"post_tag","embeddable":true,"href":"https:\/\/RadarTamaulipas.info\/index.php?rest_route=%2Fwp%2Fv2%2Ftags&post=493"}],"curies":[{"name":"wp","href":"https:\/\/api.w.org\/{rel}","templated":true}]}}