{"id":499,"date":"2026-03-30T22:43:19","date_gmt":"2026-03-30T22:43:19","guid":{"rendered":"https:\/\/RadarTamaulipas.info\/?p=499"},"modified":"2026-03-30T22:43:20","modified_gmt":"2026-03-30T22:43:20","slug":"gobierno-de-tamaulipas-y-fiscalias-cierran-filas-contra-el-huachicol","status":"publish","type":"post","link":"https:\/\/RadarTamaulipas.info\/?p=499","title":{"rendered":"Gobierno de Tamaulipas y Fiscal\u00edas cierran filas contra el \u201chuachicol\u201d"},"content":{"rendered":"\n<figure class=\"wp-block-image size-full\"><img loading=\"lazy\" decoding=\"async\" width=\"540\" height=\"356\" src=\"https:\/\/radartamaulipas.info\/wp-content\/uploads\/2026\/03\/IMG-20260330-WA0015.jpg\" alt=\"\" class=\"wp-image-500\" srcset=\"https:\/\/radartamaulipas.info\/wp-content\/uploads\/2026\/03\/IMG-20260330-WA0015.jpg 540w, https:\/\/radartamaulipas.info\/wp-content\/uploads\/2026\/03\/IMG-20260330-WA0015-300x198.jpg 300w\" sizes=\"auto, (max-width: 540px) 100vw, 540px\" \/><\/figure>\n\n\n\n<p> Por:  Alfredo Uvalle <\/p>\n\n\n\n<p>El gobernador de Tamaulipas, Am\u00e9rico Villarreal Anaya, se refiri\u00f3 al combate a la delincuencia, de manera particular a los decomisos de hidrocarburo il\u00edcito (huachicol) en el estado y expres\u00f3 complacencia por el reforzamiento de estas acciones. <\/p>\n\n\n\n<p>Respecto al reciente decomiso en Reynosa, asegur\u00f3 que se est\u00e1 trabajando en coordinaci\u00f3n con la fiscal\u00eda general de Justicia del Estado (FGJET) y la fiscal\u00eda general de la Rep\u00fablica (FGR), para identificar y llevar ante la justicia a los responsables de la posesi\u00f3n de dichos predios y autotanques.<\/p>\n\n\n\n<p> \u201cNo dejemos en llevar hasta sus \u00faltimas consecuencias a quienes son los propietarios de ese predio y de esos autotanques y que tienen esa cantidad de combustible, ah\u00ed est\u00e1n los verdaderos huachicoleros y queremos llegar al fondo de quienes son para que quede realmente expuestos\u201d, se\u00f1al\u00f3. <\/p>\n\n\n\n<p>Tamaulipas listo para recibir turistas con operativo de seguridad y limpiezaVillarreal Anaya, declar\u00f3 que el estado se encuentra plenamente preparado para recibir a los cerca de 3 millones de turistas que se esperan durante el periodo vacacional de Semana Santa. El anuncio se realiz\u00f3 tras una reuni\u00f3n estrat\u00e9gica con secretarios de diversas \u00e1reas, enfocada en garantizar una experiencia segura y placentera para los visitantes.<\/p>\n\n\n\n<p>Operativo de Seguridad y Vigilancia:Se est\u00e1 reforzando un operativo intersecretarial que incluye a Salud, Seguridad, SEDUMA, Obra P\u00fablica y Turismo. Una de las prioridades actuales es la supervisi\u00f3n de posibles derrames de hidrocarburos en las costas. \u201c<\/p>\n\n\n\n<p>Aunque se han observado algunas manchas peque\u00f1as, especialmente en La Pesca, y se trabaja en coordinaci\u00f3n con la Marina Armada de M\u00e9xico y Petr\u00f3leos Mexicanos para su contenci\u00f3n y disposici\u00f3n\u201d, dijo Villarreal Anaya.<\/p>\n\n\n\n<p>.Asegur\u00f3 que no hay condiciones significativas que afecten el disfrute de las playas para la temporada vacacional, por lo que se realizan inspecciones constantes y se cuenta con contenedores para el manejo de posibles residuos.<\/p>\n\n\n\n<p>Afluencia Tur\u00edstica y Actividad Econ\u00f3mica:Se anticipa una afluencia tur\u00edstica superior en un 20% en comparaci\u00f3n con el a\u00f1o anterior, tanto por carretera (provenientes del noreste y centro del pa\u00eds) como por la frontera, gracias a proyectos de repatriaci\u00f3n. Este aumento en la afluencia se espera que impulse la actividad econ\u00f3mica y genere mejores oportunidades para los prestadores de servicios en la entidad.<\/p>\n\n\n\n<p>Llamado a la Colaboraci\u00f3n y Medidas de Seguridad:El gobernador hizo un llamado a la sociedad para participar activamente en el cuidado de sus familias y en el disfrute responsable de las vacaciones. Se enfatiz\u00f3 la importancia de:<\/p>\n\n\n\n<p>Verificar las condiciones mec\u00e1nicas de los veh\u00edculos.Evitar conducir cansados y respetar los l\u00edmites de velocidad y la se\u00f1alizaci\u00f3n vial.Cuidar a la familia durante el viaje.Adicionalmente, se ha solicitado a la C\u00e1mara del Transporte restringir la circulaci\u00f3n de veh\u00edculos de doble remolque durante horarios diurnos en las carreteras principales. Estos veh\u00edculos solo podr\u00e1n circular de 9:00 PM a 6:00 AM, con el fin de garantizar la seguridad de los turistas y facilitar el tr\u00e1nsito.<\/p>\n","protected":false},"excerpt":{"rendered":"<p>Por: Alfredo Uvalle El gobernador de Tamaulipas, Am\u00e9rico Villarreal Anaya, se refiri\u00f3 al combate a la delincuencia, de<\/p>\n","protected":false},"author":1,"featured_media":0,"comment_status":"open","ping_status":"open","sticky":false,"template":"","format":"standard","meta":{"footnotes":""},"categories":[1],"tags":[],"class_list":["post-499","post","type-post","status-publish","format-standard","hentry","category-tamaulipas"],"_links":{"self":[{"href":"https:\/\/RadarTamaulipas.info\/index.php?rest_route=\/wp\/v2\/posts\/499","targetHints":{"allow":["GET"]}}],"collection":[{"href":"https:\/\/RadarTamaulipas.info\/index.php?rest_route=\/wp\/v2\/posts"}],"about":[{"href":"https:\/\/RadarTamaulipas.info\/index.php?rest_route=\/wp\/v2\/types\/post"}],"author":[{"embeddable":true,"href":"https:\/\/RadarTamaulipas.info\/index.php?rest_route=\/wp\/v2\/users\/1"}],"replies":[{"embeddable":true,"href":"https:\/\/RadarTamaulipas.info\/index.php?rest_route=%2Fwp%2Fv2%2Fcomments&post=499"}],"version-history":[{"count":1,"href":"https:\/\/RadarTamaulipas.info\/index.php?rest_route=\/wp\/v2\/posts\/499\/revisions"}],"predecessor-version":[{"id":501,"href":"https:\/\/RadarTamaulipas.info\/index.php?rest_route=\/wp\/v2\/posts\/499\/revisions\/501"}],"wp:attachment":[{"href":"https:\/\/RadarTamaulipas.info\/index.php?rest_route=%2Fwp%2Fv2%2Fmedia&parent=499"}],"wp:term":[{"taxonomy":"category","embeddable":true,"href":"https:\/\/RadarTamaulipas.info\/index.php?rest_route=%2Fwp%2Fv2%2Fcategories&post=499"},{"taxonomy":"post_tag","embeddable":true,"href":"https:\/\/RadarTamaulipas.info\/index.php?rest_route=%2Fwp%2Fv2%2Ftags&post=499"}],"curies":[{"name":"wp","href":"https:\/\/api.w.org\/{rel}","templated":true}]}}