{"id":514,"date":"2026-04-01T22:16:05","date_gmt":"2026-04-01T22:16:05","guid":{"rendered":"https:\/\/RadarTamaulipas.info\/?p=514"},"modified":"2026-04-01T22:16:07","modified_gmt":"2026-04-01T22:16:07","slug":"gobierno-implementara-sistema-estatal-para-la-urgencia-medica","status":"publish","type":"post","link":"https:\/\/RadarTamaulipas.info\/?p=514","title":{"rendered":"Gobierno implementar\u00e1 Sistema Estatal para la Urgencia M\u00e9dica"},"content":{"rendered":"\n<figure class=\"wp-block-image size-full\"><img loading=\"lazy\" decoding=\"async\" width=\"1020\" height=\"669\" src=\"https:\/\/radartamaulipas.info\/wp-content\/uploads\/2026\/04\/IMG-20260401-WA0008.jpg\" alt=\"\" class=\"wp-image-515\" srcset=\"https:\/\/radartamaulipas.info\/wp-content\/uploads\/2026\/04\/IMG-20260401-WA0008.jpg 1020w, https:\/\/radartamaulipas.info\/wp-content\/uploads\/2026\/04\/IMG-20260401-WA0008-300x197.jpg 300w, https:\/\/radartamaulipas.info\/wp-content\/uploads\/2026\/04\/IMG-20260401-WA0008-768x504.jpg 768w\" sizes=\"auto, (max-width: 1020px) 100vw, 1020px\" \/><\/figure>\n\n\n\n<p>Por Alfredo Uvalle<\/p>\n\n\n\n<p>El Gobernador Am\u00e9rico Villarreal Anaya, se refiri\u00f3 a la situaci\u00f3n por la que atraviesa la  Cruz Roja Delegaci\u00f3n Tamaulipas y adelant\u00f3 que se trabaja en una funci\u00f3n que debe de asumir en corresponsabilidad el estado, se trata del nuevo Sistema Estatal para la Urgencia M\u00e9dica en Tamaulipas.  <\/p>\n\n\n\n<p>\u201cPodamos estar complementando las demandas de atenci\u00f3n de la poblaci\u00f3n en situaci\u00f3n de emergencia, que dicho sea de paso en una opini\u00f3n personal, creo que esa es una funci\u00f3n que tiene que asumir corresponsabilidad el estado y no tener que estar a veces en una conducci\u00f3n de actividades voluntarias de servicios de emergencia\u201d, se\u00f1al\u00f3.<\/p>\n\n\n\n<p> Villarreal Anaya expuso que el propio estado tiene esa responsabilidad de atenci\u00f3n, y una formalidad mediante la construcci\u00f3n que se realiza con el Centro Regulador de Urgencias M\u00e9dicas (CURM), que se ha vendido expandiendo en la entidad y que al momento cuenta con 34 ambulancias debidamente equipadas en los diferentes municipios del estado.<\/p>\n\n\n\n<p> \u201cPara que despu\u00e9s de un Centro Regulador de Urgencias M\u00e9dicas complementemos y lleguemos a tener un Sistema Estatal para la Atenci\u00f3n de la Urgencia M\u00e9dica en Tamaulipas, y en eso estamos y esperando los nuevos lineamientos que mande el cambio del nuevo director nacional de la Cruz Roja y con todo el gusto de podernos coordinar\u201d, dijo el gobernador.<\/p>\n","protected":false},"excerpt":{"rendered":"<p>Por Alfredo Uvalle El Gobernador Am\u00e9rico Villarreal Anaya, se refiri\u00f3 a la situaci\u00f3n por la que atraviesa la<\/p>\n","protected":false},"author":1,"featured_media":0,"comment_status":"open","ping_status":"open","sticky":false,"template":"","format":"standard","meta":{"footnotes":""},"categories":[1],"tags":[],"class_list":["post-514","post","type-post","status-publish","format-standard","hentry","category-tamaulipas"],"_links":{"self":[{"href":"https:\/\/RadarTamaulipas.info\/index.php?rest_route=\/wp\/v2\/posts\/514","targetHints":{"allow":["GET"]}}],"collection":[{"href":"https:\/\/RadarTamaulipas.info\/index.php?rest_route=\/wp\/v2\/posts"}],"about":[{"href":"https:\/\/RadarTamaulipas.info\/index.php?rest_route=\/wp\/v2\/types\/post"}],"author":[{"embeddable":true,"href":"https:\/\/RadarTamaulipas.info\/index.php?rest_route=\/wp\/v2\/users\/1"}],"replies":[{"embeddable":true,"href":"https:\/\/RadarTamaulipas.info\/index.php?rest_route=%2Fwp%2Fv2%2Fcomments&post=514"}],"version-history":[{"count":1,"href":"https:\/\/RadarTamaulipas.info\/index.php?rest_route=\/wp\/v2\/posts\/514\/revisions"}],"predecessor-version":[{"id":516,"href":"https:\/\/RadarTamaulipas.info\/index.php?rest_route=\/wp\/v2\/posts\/514\/revisions\/516"}],"wp:attachment":[{"href":"https:\/\/RadarTamaulipas.info\/index.php?rest_route=%2Fwp%2Fv2%2Fmedia&parent=514"}],"wp:term":[{"taxonomy":"category","embeddable":true,"href":"https:\/\/RadarTamaulipas.info\/index.php?rest_route=%2Fwp%2Fv2%2Fcategories&post=514"},{"taxonomy":"post_tag","embeddable":true,"href":"https:\/\/RadarTamaulipas.info\/index.php?rest_route=%2Fwp%2Fv2%2Ftags&post=514"}],"curies":[{"name":"wp","href":"https:\/\/api.w.org\/{rel}","templated":true}]}}