{"id":521,"date":"2026-04-02T23:59:04","date_gmt":"2026-04-02T23:59:04","guid":{"rendered":"https:\/\/RadarTamaulipas.info\/?p=521"},"modified":"2026-04-02T23:59:05","modified_gmt":"2026-04-02T23:59:05","slug":"logran-frenar-el-robo-a-casas-y-vehiculos-en-victoria-gracias-a-operativos","status":"publish","type":"post","link":"https:\/\/RadarTamaulipas.info\/?p=521","title":{"rendered":"Logran frenar el robo a casas y veh\u00edculos en Victoria gracias a operativos"},"content":{"rendered":"\n<figure class=\"wp-block-image size-full\"><img loading=\"lazy\" decoding=\"async\" width=\"880\" height=\"616\" src=\"https:\/\/radartamaulipas.info\/wp-content\/uploads\/2026\/04\/IMG-20260402-WA0009.jpg\" alt=\"\" class=\"wp-image-522\" srcset=\"https:\/\/radartamaulipas.info\/wp-content\/uploads\/2026\/04\/IMG-20260402-WA0009.jpg 880w, https:\/\/radartamaulipas.info\/wp-content\/uploads\/2026\/04\/IMG-20260402-WA0009-300x210.jpg 300w, https:\/\/radartamaulipas.info\/wp-content\/uploads\/2026\/04\/IMG-20260402-WA0009-768x538.jpg 768w\" sizes=\"auto, (max-width: 880px) 100vw, 880px\" \/><\/figure>\n\n\n\n<p>Por:  Alfredo Uvalle<\/p>\n\n\n\n<p> El Secretario del Ayuntamiento de Victoria, Hugo Res\u00e9ndez Silva, inform\u00f3 que la incidencia delictiva en la capital del estado presenta una tendencia a la baja, destacando una disminuci\u00f3n considerable en el robo a casa habitaci\u00f3n y de veh\u00edculos.<\/p>\n\n\n\n<p>De acuerdo con el funcionario, este resultado positivo es producto directo de la implementaci\u00f3n y reforzamiento del operativo denominado \u201cMoto Segura\u201d, una estrategia conjunta en la que participan activamente la Guardia Estatal, la Polic\u00eda Investigadora de la Fiscal\u00eda General de Justicia y la Direcci\u00f3n de Tr\u00e1nsito local.<\/p>\n\n\n\n<p>Resultados en la Mesa de SeguridadRes\u00e9ndez Silva detall\u00f3 que, durante la m\u00e1s reciente reuni\u00f3n de la Mesa de Seguridad, las cifras confirmaron la efectividad de las acciones preventivas.<\/p>\n\n\n\n<p>\u201cEl robo a casa habitaci\u00f3n afortunadamente se ha mantenido bajo. En esta \u00faltima semana se reportaron solamente dos casas afectadas por esta incidencia delictiva\u201d, explic\u00f3 el Secretario, subrayando que se mantiene una vigilancia estrecha para evitar que los n\u00fameros repunten.<\/p>\n\n\n\n<p>Control en el robo de unidadesEn cuanto al robo de veh\u00edculos, el Secretario se\u00f1al\u00f3 que, si bien se hab\u00eda detectado un ligero incremento previo, la situaci\u00f3n ya ha sido controlada. <\/p>\n\n\n\n<p>El operativo \u00abMoto Segura\u00bb ha sido clave no solo para la revisi\u00f3n de documentos, sino para inhibir el delito en sus diversas modalidades. <\/p>\n\n\n\n<p>\u201cDesde que iniciaron los operativos de las motocicletas, baj\u00f3 mucho la incidencia de robo a estas unidades. Se nos hab\u00eda incrementado un poquito el de veh\u00edculos, pero gracias a estas labores ya se logr\u00f3 controlar\u201d, se\u00f1al\u00f3.<\/p>\n","protected":false},"excerpt":{"rendered":"<p>Por: Alfredo Uvalle El Secretario del Ayuntamiento de Victoria, Hugo Res\u00e9ndez Silva, inform\u00f3 que la incidencia delictiva en<\/p>\n","protected":false},"author":1,"featured_media":0,"comment_status":"open","ping_status":"open","sticky":false,"template":"","format":"standard","meta":{"footnotes":""},"categories":[1],"tags":[],"class_list":["post-521","post","type-post","status-publish","format-standard","hentry","category-tamaulipas"],"_links":{"self":[{"href":"https:\/\/RadarTamaulipas.info\/index.php?rest_route=\/wp\/v2\/posts\/521","targetHints":{"allow":["GET"]}}],"collection":[{"href":"https:\/\/RadarTamaulipas.info\/index.php?rest_route=\/wp\/v2\/posts"}],"about":[{"href":"https:\/\/RadarTamaulipas.info\/index.php?rest_route=\/wp\/v2\/types\/post"}],"author":[{"embeddable":true,"href":"https:\/\/RadarTamaulipas.info\/index.php?rest_route=\/wp\/v2\/users\/1"}],"replies":[{"embeddable":true,"href":"https:\/\/RadarTamaulipas.info\/index.php?rest_route=%2Fwp%2Fv2%2Fcomments&post=521"}],"version-history":[{"count":1,"href":"https:\/\/RadarTamaulipas.info\/index.php?rest_route=\/wp\/v2\/posts\/521\/revisions"}],"predecessor-version":[{"id":523,"href":"https:\/\/RadarTamaulipas.info\/index.php?rest_route=\/wp\/v2\/posts\/521\/revisions\/523"}],"wp:attachment":[{"href":"https:\/\/RadarTamaulipas.info\/index.php?rest_route=%2Fwp%2Fv2%2Fmedia&parent=521"}],"wp:term":[{"taxonomy":"category","embeddable":true,"href":"https:\/\/RadarTamaulipas.info\/index.php?rest_route=%2Fwp%2Fv2%2Fcategories&post=521"},{"taxonomy":"post_tag","embeddable":true,"href":"https:\/\/RadarTamaulipas.info\/index.php?rest_route=%2Fwp%2Fv2%2Ftags&post=521"}],"curies":[{"name":"wp","href":"https:\/\/api.w.org\/{rel}","templated":true}]}}