{"id":528,"date":"2026-04-04T19:29:40","date_gmt":"2026-04-04T19:29:40","guid":{"rendered":"https:\/\/RadarTamaulipas.info\/?p=528"},"modified":"2026-04-04T19:29:41","modified_gmt":"2026-04-04T19:29:41","slug":"momentos-de-panico-vuelca-lancha-con-ninos-en-la-cascada-abasolo-por","status":"publish","type":"post","link":"https:\/\/RadarTamaulipas.info\/?p=528","title":{"rendered":"Momentos de p\u00e1nico! Vuelca lancha con ni\u00f1os en \u00abLa Cascada\u00bb, Abasolo Por:"},"content":{"rendered":"\n<figure class=\"wp-block-image size-full\"><img loading=\"lazy\" decoding=\"async\" width=\"914\" height=\"781\" src=\"https:\/\/radartamaulipas.info\/wp-content\/uploads\/2026\/04\/IMG-20260404-WA0009.jpg\" alt=\"\" class=\"wp-image-529\" srcset=\"https:\/\/radartamaulipas.info\/wp-content\/uploads\/2026\/04\/IMG-20260404-WA0009.jpg 914w, https:\/\/radartamaulipas.info\/wp-content\/uploads\/2026\/04\/IMG-20260404-WA0009-300x256.jpg 300w, https:\/\/radartamaulipas.info\/wp-content\/uploads\/2026\/04\/IMG-20260404-WA0009-768x656.jpg 768w\" sizes=\"auto, (max-width: 914px) 100vw, 914px\" \/><\/figure>\n\n\n\n<p>Por Alfredo Uvalle Lo que parec\u00eda un d\u00eda de descanso en s\u00e1bado santo, termin\u00f3 en susto para una familia en Abasolo.<\/p>\n\n\n\n<p> Un video en redes sociales muestra c\u00f3mo una lancha llena de pasajeros, incluyendo mujeres y ni\u00f1os, volc\u00f3 en la zona tur\u00edstica de \u00abLa Cascada\u00bb.<\/p>\n\n\n\n<p>La r\u00e1pida reacci\u00f3n de los presentes fue clave: mientras unos se lanzaron al agua para nadar hacia los afectados, otros acercaron inflables para facilitar el rescate. <\/p>\n\n\n\n<p>Algunas personas que se encontraban en el sitio de la Cascada comenzar a gritar desesperadas:<\/p>\n\n\n\n<p> \u201cAy\u00fadales Wero, ay\u00fadales\u201d. \u201cAy\u00fadenlos por favor\u201d \u201cAvienten el salvavidas, avi\u00e9ntenle alguno\u201d. <\/p>\n\n\n\n<p> Afortunadamente, no se reportaron lesionados y las autoridades recordaron a los turistas la importancia de usar siempre chaleco salvavidas para evitar tragedias. <\/p>\n\n\n\n<p>El municipio de Abasolo se localiza en la porci\u00f3n central del Estado de Tamaulipas, sobre la cuenca hidrol\u00f3gica del r\u00edo de Soto la Marina del cual se derivan una serie de canales y drenes que constituyen el distrito de riego 086.<\/p>\n","protected":false},"excerpt":{"rendered":"<p>Por Alfredo Uvalle Lo que parec\u00eda un d\u00eda de descanso en s\u00e1bado santo, termin\u00f3 en susto para una<\/p>\n","protected":false},"author":1,"featured_media":0,"comment_status":"open","ping_status":"open","sticky":false,"template":"","format":"standard","meta":{"footnotes":""},"categories":[1],"tags":[],"class_list":["post-528","post","type-post","status-publish","format-standard","hentry","category-tamaulipas"],"_links":{"self":[{"href":"https:\/\/RadarTamaulipas.info\/index.php?rest_route=\/wp\/v2\/posts\/528","targetHints":{"allow":["GET"]}}],"collection":[{"href":"https:\/\/RadarTamaulipas.info\/index.php?rest_route=\/wp\/v2\/posts"}],"about":[{"href":"https:\/\/RadarTamaulipas.info\/index.php?rest_route=\/wp\/v2\/types\/post"}],"author":[{"embeddable":true,"href":"https:\/\/RadarTamaulipas.info\/index.php?rest_route=\/wp\/v2\/users\/1"}],"replies":[{"embeddable":true,"href":"https:\/\/RadarTamaulipas.info\/index.php?rest_route=%2Fwp%2Fv2%2Fcomments&post=528"}],"version-history":[{"count":1,"href":"https:\/\/RadarTamaulipas.info\/index.php?rest_route=\/wp\/v2\/posts\/528\/revisions"}],"predecessor-version":[{"id":530,"href":"https:\/\/RadarTamaulipas.info\/index.php?rest_route=\/wp\/v2\/posts\/528\/revisions\/530"}],"wp:attachment":[{"href":"https:\/\/RadarTamaulipas.info\/index.php?rest_route=%2Fwp%2Fv2%2Fmedia&parent=528"}],"wp:term":[{"taxonomy":"category","embeddable":true,"href":"https:\/\/RadarTamaulipas.info\/index.php?rest_route=%2Fwp%2Fv2%2Fcategories&post=528"},{"taxonomy":"post_tag","embeddable":true,"href":"https:\/\/RadarTamaulipas.info\/index.php?rest_route=%2Fwp%2Fv2%2Ftags&post=528"}],"curies":[{"name":"wp","href":"https:\/\/api.w.org\/{rel}","templated":true}]}}