{"id":534,"date":"2026-04-06T18:13:31","date_gmt":"2026-04-06T18:13:31","guid":{"rendered":"https:\/\/RadarTamaulipas.info\/?p=534"},"modified":"2026-04-06T18:13:32","modified_gmt":"2026-04-06T18:13:32","slug":"reporta-americo-villarreal-saldo-de-semana-santa-y-llama-al-dialogo-ante-bloqueos-agricolas","status":"publish","type":"post","link":"https:\/\/RadarTamaulipas.info\/?p=534","title":{"rendered":"Reporta Am\u00e9rico Villarreal saldo de Semana Santa y llama al di\u00e1logo ante bloqueos agr\u00edcolas"},"content":{"rendered":"\n<figure class=\"wp-block-image size-full\"><img loading=\"lazy\" decoding=\"async\" width=\"862\" height=\"599\" src=\"https:\/\/radartamaulipas.info\/wp-content\/uploads\/2026\/04\/IMG-20260406-WA0003.jpg\" alt=\"\" class=\"wp-image-535\" srcset=\"https:\/\/radartamaulipas.info\/wp-content\/uploads\/2026\/04\/IMG-20260406-WA0003.jpg 862w, https:\/\/radartamaulipas.info\/wp-content\/uploads\/2026\/04\/IMG-20260406-WA0003-300x208.jpg 300w, https:\/\/radartamaulipas.info\/wp-content\/uploads\/2026\/04\/IMG-20260406-WA0003-768x534.jpg 768w, https:\/\/radartamaulipas.info\/wp-content\/uploads\/2026\/04\/IMG-20260406-WA0003-590x410.jpg 590w\" sizes=\"auto, (max-width: 862px) 100vw, 862px\" \/><\/figure>\n\n\n\n<p>Por:  Alfredo Uvalle<\/p>\n\n\n\n<p> El gobernador Am\u00e9rico Villarreal Anaya abord\u00f3 esta ma\u00f1ana temas cruciales para la entidad, destacando el balance de las vacaciones de Semana Santa, la situaci\u00f3n de seguridad vial en la carretera \u00abRumbo Nuevo\u00bb y el llamado al di\u00e1logo frente a las movilizaciones de productores agr\u00edcolas en la frontera.<\/p>\n\n\n\n<p>Al concluir la ceremonia c\u00edvica de honores, evento realizado en las instalaciones del C-3, en Ciudad Victoria sector Adelitas se refiri\u00f3 a las convocatorias nacionales de productores agr\u00edcolas que afectan v\u00edas de comunicaci\u00f3n en Tamaulipas, espec\u00edficamente en los tramos de Progreso, Reynosa-Matamoros y Reynosa-D\u00edaz Ordaz, el mandatario estatal inform\u00f3 que se ha buscado el contacto directo con los dirigentes a trav\u00e9s de las Secretar\u00edas General de Gobierno y de Desarrollo Rural.<\/p>\n\n\n\n<p>Villarreal Anaya expres\u00f3 su comprensi\u00f3n ante la problem\u00e1tica del sector, pero hizo un firme llamado a que las manifestaciones no afecten a terceros:<\/p>\n\n\n\n<p>\u00abEstamos trabajando unidos para ver c\u00f3mo se puede resolver, pedimos que su actividad y su reclamo no afecte a terceras personas. Esperemos que esta solicitud permee y tengamos las m\u00ednimas repercusiones en nuestros ejes carreteros\u00bb, se\u00f1al\u00f3.<\/p>\n\n\n\n<p>Sobre la operaci\u00f3n de la nueva caseta de cobro en la carretera Rumbo Nuevo, el gobernador destac\u00f3 que, estad\u00edsticamente, los accidentes han disminuido gracias a las mejoras t\u00e9cnicas y de se\u00f1alamiento. Pese a un incidente reciente que involucr\u00f3 el incendio de dos tractocamiones y el cierre de la v\u00eda por casi 36 horas, resalt\u00f3 que se cumpli\u00f3 con la norma constitucional de ofrecer una v\u00eda alterna segura: la carretera de Altas Cumbres.<\/p>\n\n\n\n<p>\u00abSomos un estado log\u00edstico de transporte y tenemos que buscar carreteras con mejores especificaciones para el flujo de carga nacional e internacional\u00bb, afirm\u00f3.<\/p>\n\n\n\n<p>En materia tur\u00edstica, Tamaulipas registr\u00f3 cifras positivas con la llegada de 2.3 millones de visitantes, lo que representa un incremento de entre el 15% y 20% en comparaci\u00f3n con el a\u00f1o anterior. El gobernador atribuy\u00f3 este \u00e9xito a la planeaci\u00f3n, promoci\u00f3n y la buena experiencia previa de los turistas en la entidad.<\/p>\n\n\n\n<p>Sin embargo, en el balance de seguridad, lament\u00f3 el fallecimiento de personas durante este periodo:<\/p>\n\n\n\n<p>Accidentes carreteros: Dos personas perdieron la vida en un incidente relacionado con vacacionistas.<\/p>\n\n\n\n<p>Ahogamientos: Se confirmaron dos decesos y se est\u00e1 por precisar un tercero bajo esta causa.<\/p>\n\n\n\n<p>Descartan presencia de hidrocarburos en playas<\/p>\n\n\n\n<p>Finalmente, el mandatario desminti\u00f3 los rumores sobre derrames de petr\u00f3leo en las costas tamaulipecas tras realizar verificaciones personales en Soto la Marina (La Pesca), Higuerillas y Bagdad en Matamoros. <\/p>\n\n\n\n<p>Con un toque de humor, mencion\u00f3 que en la playa Miramar fue imposible realizar una inspecci\u00f3n visual profunda debido a la alta afluencia de ba\u00f1istas: \u00abNo pudimos constatar si hab\u00eda derrames porque hab\u00eda tanta gente que no nos dej\u00f3 ver si hab\u00eda petr\u00f3leo abajo\u00bb, reiterando que las playas se mantuvieron en condiciones \u00f3ptimas para los visitantes.<\/p>\n","protected":false},"excerpt":{"rendered":"<p>Por: Alfredo Uvalle El gobernador Am\u00e9rico Villarreal Anaya abord\u00f3 esta ma\u00f1ana temas cruciales para la entidad, destacando el<\/p>\n","protected":false},"author":1,"featured_media":0,"comment_status":"open","ping_status":"open","sticky":false,"template":"","format":"standard","meta":{"footnotes":""},"categories":[1],"tags":[],"class_list":["post-534","post","type-post","status-publish","format-standard","hentry","category-tamaulipas"],"_links":{"self":[{"href":"https:\/\/RadarTamaulipas.info\/index.php?rest_route=\/wp\/v2\/posts\/534","targetHints":{"allow":["GET"]}}],"collection":[{"href":"https:\/\/RadarTamaulipas.info\/index.php?rest_route=\/wp\/v2\/posts"}],"about":[{"href":"https:\/\/RadarTamaulipas.info\/index.php?rest_route=\/wp\/v2\/types\/post"}],"author":[{"embeddable":true,"href":"https:\/\/RadarTamaulipas.info\/index.php?rest_route=\/wp\/v2\/users\/1"}],"replies":[{"embeddable":true,"href":"https:\/\/RadarTamaulipas.info\/index.php?rest_route=%2Fwp%2Fv2%2Fcomments&post=534"}],"version-history":[{"count":1,"href":"https:\/\/RadarTamaulipas.info\/index.php?rest_route=\/wp\/v2\/posts\/534\/revisions"}],"predecessor-version":[{"id":536,"href":"https:\/\/RadarTamaulipas.info\/index.php?rest_route=\/wp\/v2\/posts\/534\/revisions\/536"}],"wp:attachment":[{"href":"https:\/\/RadarTamaulipas.info\/index.php?rest_route=%2Fwp%2Fv2%2Fmedia&parent=534"}],"wp:term":[{"taxonomy":"category","embeddable":true,"href":"https:\/\/RadarTamaulipas.info\/index.php?rest_route=%2Fwp%2Fv2%2Fcategories&post=534"},{"taxonomy":"post_tag","embeddable":true,"href":"https:\/\/RadarTamaulipas.info\/index.php?rest_route=%2Fwp%2Fv2%2Ftags&post=534"}],"curies":[{"name":"wp","href":"https:\/\/api.w.org\/{rel}","templated":true}]}}