{"id":540,"date":"2026-04-07T01:16:24","date_gmt":"2026-04-07T01:16:24","guid":{"rendered":"https:\/\/RadarTamaulipas.info\/?p=540"},"modified":"2026-04-07T01:16:25","modified_gmt":"2026-04-07T01:16:25","slug":"fiscalia-despliega-personal-en-tramos-carreteros-de-tamaulipas","status":"publish","type":"post","link":"https:\/\/RadarTamaulipas.info\/?p=540","title":{"rendered":"Fiscal\u00eda despliega personal en tramos carreteros de Tamaulipas"},"content":{"rendered":"\n<figure class=\"wp-block-image size-large\"><img loading=\"lazy\" decoding=\"async\" width=\"768\" height=\"1024\" src=\"https:\/\/radartamaulipas.info\/wp-content\/uploads\/2026\/04\/IMG-20260406-WA0012-768x1024.jpg\" alt=\"\" class=\"wp-image-541\" srcset=\"https:\/\/radartamaulipas.info\/wp-content\/uploads\/2026\/04\/IMG-20260406-WA0012-768x1024.jpg 768w, https:\/\/radartamaulipas.info\/wp-content\/uploads\/2026\/04\/IMG-20260406-WA0012-225x300.jpg 225w, https:\/\/radartamaulipas.info\/wp-content\/uploads\/2026\/04\/IMG-20260406-WA0012-1152x1536.jpg 1152w, https:\/\/radartamaulipas.info\/wp-content\/uploads\/2026\/04\/IMG-20260406-WA0012.jpg 1200w\" sizes=\"auto, (max-width: 768px) 100vw, 768px\" \/><\/figure>\n\n\n\n<p>Por: Redacci\u00f3n<\/p>\n\n\n\n<p> La Fiscal\u00eda Especializada de Asuntos Internos (FEAI) de la Fiscal\u00eda General de Justicia del Estado de Tamaulipas (FGJET) mantiene personal en diversos puntos estrat\u00e9gicos del Estado, con motivo del Programa \u201cH\u00e9roes Paisanos Semana Santa 2026\u201d para orientar y brindar atenci\u00f3n directa a la poblaci\u00f3n.<\/p>\n\n\n\n<p>Entre las acciones que se realizan, destaca la orientaci\u00f3n y asesor\u00eda a las personas que se trasladan a distintos destinos dentro del estado o que se encuentran de paso por el mismo. Se proporciona informaci\u00f3n sobre rutas, entronques y ubicaciones de estaciones seguras. Asimismo, se entregan folletos informativos que incluyen c\u00f3digos QR y n\u00fameros telef\u00f3nicos para canalizar preguntas, dudas, quejas o sugerencias. <\/p>\n\n\n\n<p>Es de se\u00f1alar que el personal se encuentra desplegado en las carreteras correspondientes a los municipios de Hidalgo y Jaumave, as\u00ed como en el punto conocido como \u201cLa Y\u201d de San Fernando. La Fiscal\u00eda General de Justicia del Estado de Tamaulipas reitera su compromiso de brindar atenci\u00f3n, orientaci\u00f3n y seguridad a las y los tamaulipecos.<\/p>\n","protected":false},"excerpt":{"rendered":"<p>Por: Redacci\u00f3n La Fiscal\u00eda Especializada de Asuntos Internos (FEAI) de la Fiscal\u00eda General de Justicia del Estado de<\/p>\n","protected":false},"author":1,"featured_media":0,"comment_status":"open","ping_status":"open","sticky":false,"template":"","format":"standard","meta":{"footnotes":""},"categories":[1],"tags":[],"class_list":["post-540","post","type-post","status-publish","format-standard","hentry","category-tamaulipas"],"_links":{"self":[{"href":"https:\/\/RadarTamaulipas.info\/index.php?rest_route=\/wp\/v2\/posts\/540","targetHints":{"allow":["GET"]}}],"collection":[{"href":"https:\/\/RadarTamaulipas.info\/index.php?rest_route=\/wp\/v2\/posts"}],"about":[{"href":"https:\/\/RadarTamaulipas.info\/index.php?rest_route=\/wp\/v2\/types\/post"}],"author":[{"embeddable":true,"href":"https:\/\/RadarTamaulipas.info\/index.php?rest_route=\/wp\/v2\/users\/1"}],"replies":[{"embeddable":true,"href":"https:\/\/RadarTamaulipas.info\/index.php?rest_route=%2Fwp%2Fv2%2Fcomments&post=540"}],"version-history":[{"count":1,"href":"https:\/\/RadarTamaulipas.info\/index.php?rest_route=\/wp\/v2\/posts\/540\/revisions"}],"predecessor-version":[{"id":542,"href":"https:\/\/RadarTamaulipas.info\/index.php?rest_route=\/wp\/v2\/posts\/540\/revisions\/542"}],"wp:attachment":[{"href":"https:\/\/RadarTamaulipas.info\/index.php?rest_route=%2Fwp%2Fv2%2Fmedia&parent=540"}],"wp:term":[{"taxonomy":"category","embeddable":true,"href":"https:\/\/RadarTamaulipas.info\/index.php?rest_route=%2Fwp%2Fv2%2Fcategories&post=540"},{"taxonomy":"post_tag","embeddable":true,"href":"https:\/\/RadarTamaulipas.info\/index.php?rest_route=%2Fwp%2Fv2%2Ftags&post=540"}],"curies":[{"name":"wp","href":"https:\/\/api.w.org\/{rel}","templated":true}]}}