{"id":561,"date":"2026-04-08T22:03:26","date_gmt":"2026-04-08T22:03:26","guid":{"rendered":"https:\/\/RadarTamaulipas.info\/?p=561"},"modified":"2026-04-08T22:03:27","modified_gmt":"2026-04-08T22:03:27","slug":"tamaulipas-rompe-records-en-semana-santa-2-2-millones-de-visitantes-y-derrama-de-2150-mdp","status":"publish","type":"post","link":"https:\/\/RadarTamaulipas.info\/?p=561","title":{"rendered":"Tamaulipas rompe r\u00e9cords en Semana Santa: 2.2 millones de visitantes y derrama de 2,150 mdp"},"content":{"rendered":"\n<figure class=\"wp-block-image size-large\"><img loading=\"lazy\" decoding=\"async\" width=\"1024\" height=\"625\" src=\"https:\/\/radartamaulipas.info\/wp-content\/uploads\/2026\/04\/IMG-20260408-WA0007-1024x625.jpg\" alt=\"\" class=\"wp-image-562\" srcset=\"https:\/\/radartamaulipas.info\/wp-content\/uploads\/2026\/04\/IMG-20260408-WA0007-1024x625.jpg 1024w, https:\/\/radartamaulipas.info\/wp-content\/uploads\/2026\/04\/IMG-20260408-WA0007-300x183.jpg 300w, https:\/\/radartamaulipas.info\/wp-content\/uploads\/2026\/04\/IMG-20260408-WA0007-768x468.jpg 768w, https:\/\/radartamaulipas.info\/wp-content\/uploads\/2026\/04\/IMG-20260408-WA0007.jpg 1041w\" sizes=\"auto, (max-width: 1024px) 100vw, 1024px\" \/><\/figure>\n\n\n\n<p>Por: Alfredo Uvalle<\/p>\n\n\n\n<p>El gobernador Am\u00e9rico Villarreal Anaya encabez\u00f3 una conferencia de prensa en el Sal\u00f3n Independencia de Palacio de Gobierno para presentar el balance de la primera fase del operativo de seguridad y turismo \u00abSemana Santa 2026\u00bb. Con cifras hist\u00f3ricas y \u00abcasa llena\u00bb en los principales destinos, el mandatario destac\u00f3 el crecimiento del estado como referente tur\u00edstico en el noreste de M\u00e9xico.<\/p>\n\n\n\n<p>Cifras r\u00e9cord y conectividad estrat\u00e9gicaDurante el periodo del 27 de marzo al 5 de abril \u2014etapa de mayor movilidad\u2014, Tamaulipas registr\u00f3 la visita de 2 millones 200 mil personas, lo que representa un incremento del 14.16% respecto al a\u00f1o anterior. Villarreal Anaya inform\u00f3 que la derrama econ\u00f3mica estimada en estos primeros 10 d\u00edas que supera los 2,153 millones de pesos.<\/p>\n\n\n\n<p>Un factor clave en este \u00e9xito fue la inauguraci\u00f3n de la nueva autopista Ocampo-Tula. \u00abEsta carretera panor\u00e1mica que cruza la Sierra Madre Oriental nos ha acercado a los estados del centro del pa\u00eds como San Luis Potos\u00ed, Guanajuato y Quer\u00e9taro, permitiendo un trayecto m\u00e1s r\u00e1pido y seguro\u00bb, se\u00f1al\u00f3 el gobernador. <\/p>\n\n\n\n<p>Asimismo, destac\u00f3 el repunte del programa \u00abPaisano\u00bb, con el ingreso de 900 mil personas por la frontera, de las cuales 400 mil decidieron quedarse a vacacionar en la entidad.<\/p>\n\n\n\n<p>Despliegue de seguridad y auxilioPor su parte, el secretario de Seguridad P\u00fablica, Carlos Eduardo Pancardo Escudero, detall\u00f3 el despliegue de 3 mil elementos, principalmente de la Guardia Estatal, quienes mantienen vigilancia permanente en playas, tramos carreteros y centros recreativos de los 43 municipios. El operativo institucional continuar\u00e1 vigente hasta el pr\u00f3ximo 18 de abril.<\/p>\n\n\n\n<p>En la conferencia tambi\u00e9n participaron Willy Z\u00fa\u00f1iga Castillo, titular del Secretariado Ejecutivo del Sistema Estatal de Seguridad P\u00fablica, quien resalt\u00f3 la coordinaci\u00f3n con el Centro Regulador de Urgencias M\u00e9dicas (CRUM) para brindar atenci\u00f3n m\u00e9dica prehospitalaria inmediata, y Diana de Jes\u00fas Mart\u00ednez Berrones, promotora tur\u00edstica de G\u00f3mez Far\u00edas. <\/p>\n\n\n\n<p>El reto: Infraestructura y proyectos en \u00abLa Pesca\u00bbA pesar del \u00e9xito, el gobernador reconoci\u00f3 que la alta demanda evidenci\u00f3 \u00e1reas de oportunidad. \u00abEn Tamaulipas no hay hoteles de cinco estrellas y el sector se vio rebasado al registrar un 100% de ocupaci\u00f3n\u00bb, admiti\u00f3. Ante este panorama, anunci\u00f3 que el Gobierno del Estado brindar\u00e1 acompa\u00f1amiento financiero para incentivar la inversi\u00f3n privada en infraestructura hotelera de alto nivel.<\/p>\n\n\n\n<p>En este sentido, revel\u00f3 que se mantiene un di\u00e1logo con la Secretar\u00eda de Turismo Federal y Fonatur para retomar proyectos de gran escala en la costa tamaulipeca, espec\u00edficamente en Playa La Pesca, en Soto la Marina.<\/p>\n\n\n\n<p>\u00abLos resultados nos alientan a seguir con esta coordinaci\u00f3n. Queremos ofrecer una oferta tur\u00edstica sostenible que no frene este impulso y desarrollo que estamos viviendo\u00bb, concluy\u00f3 Villarreal Anaya.<\/p>\n","protected":false},"excerpt":{"rendered":"<p>Por: Alfredo Uvalle El gobernador Am\u00e9rico Villarreal Anaya encabez\u00f3 una conferencia de prensa en el Sal\u00f3n Independencia de<\/p>\n","protected":false},"author":1,"featured_media":0,"comment_status":"open","ping_status":"open","sticky":false,"template":"","format":"standard","meta":{"footnotes":""},"categories":[1],"tags":[],"class_list":["post-561","post","type-post","status-publish","format-standard","hentry","category-tamaulipas"],"_links":{"self":[{"href":"https:\/\/RadarTamaulipas.info\/index.php?rest_route=\/wp\/v2\/posts\/561","targetHints":{"allow":["GET"]}}],"collection":[{"href":"https:\/\/RadarTamaulipas.info\/index.php?rest_route=\/wp\/v2\/posts"}],"about":[{"href":"https:\/\/RadarTamaulipas.info\/index.php?rest_route=\/wp\/v2\/types\/post"}],"author":[{"embeddable":true,"href":"https:\/\/RadarTamaulipas.info\/index.php?rest_route=\/wp\/v2\/users\/1"}],"replies":[{"embeddable":true,"href":"https:\/\/RadarTamaulipas.info\/index.php?rest_route=%2Fwp%2Fv2%2Fcomments&post=561"}],"version-history":[{"count":1,"href":"https:\/\/RadarTamaulipas.info\/index.php?rest_route=\/wp\/v2\/posts\/561\/revisions"}],"predecessor-version":[{"id":563,"href":"https:\/\/RadarTamaulipas.info\/index.php?rest_route=\/wp\/v2\/posts\/561\/revisions\/563"}],"wp:attachment":[{"href":"https:\/\/RadarTamaulipas.info\/index.php?rest_route=%2Fwp%2Fv2%2Fmedia&parent=561"}],"wp:term":[{"taxonomy":"category","embeddable":true,"href":"https:\/\/RadarTamaulipas.info\/index.php?rest_route=%2Fwp%2Fv2%2Fcategories&post=561"},{"taxonomy":"post_tag","embeddable":true,"href":"https:\/\/RadarTamaulipas.info\/index.php?rest_route=%2Fwp%2Fv2%2Ftags&post=561"}],"curies":[{"name":"wp","href":"https:\/\/api.w.org\/{rel}","templated":true}]}}