{"id":570,"date":"2026-04-08T23:47:17","date_gmt":"2026-04-08T23:47:17","guid":{"rendered":"https:\/\/RadarTamaulipas.info\/?p=570"},"modified":"2026-04-08T23:47:18","modified_gmt":"2026-04-08T23:47:18","slug":"exigen-salarios-dignos-en-el-itea-trabajadores-se-manifiestan-en-ciudad-victoria","status":"publish","type":"post","link":"https:\/\/RadarTamaulipas.info\/?p=570","title":{"rendered":"Exigen salarios dignos en el ITEA: Trabajadores se manifiestan en Ciudad Victoria"},"content":{"rendered":"\n<figure class=\"wp-block-image size-full\"><img loading=\"lazy\" decoding=\"async\" width=\"841\" height=\"476\" src=\"https:\/\/radartamaulipas.info\/wp-content\/uploads\/2026\/04\/IMG-20260408-WA0010.jpg\" alt=\"\" class=\"wp-image-571\" srcset=\"https:\/\/radartamaulipas.info\/wp-content\/uploads\/2026\/04\/IMG-20260408-WA0010.jpg 841w, https:\/\/radartamaulipas.info\/wp-content\/uploads\/2026\/04\/IMG-20260408-WA0010-300x170.jpg 300w, https:\/\/radartamaulipas.info\/wp-content\/uploads\/2026\/04\/IMG-20260408-WA0010-768x435.jpg 768w\" sizes=\"auto, (max-width: 841px) 100vw, 841px\" \/><\/figure>\n\n\n\n<p>Por:  Alfredo Uvalle <\/p>\n\n\n\n<p>Un grupo de aproximadamente 60 trabajadores del Instituto Tamaulipeco de Educaci\u00f3n para los Adultos (ITEA) se manifest\u00f3 de manera pac\u00edfica frente a las oficinas centrales, ubicadas en el 14 Matamoros y Guerrero, para exigir una nivelaci\u00f3n salarial urgente y el respeto a sus derechos laborales.<\/p>\n\n\n\n<p>Mar\u00eda Magdalena M\u00e1rquez Ibarra, Secretaria General del Sindicato Nacional de Trabajadores de la Educaci\u00f3n para los Adultos (SNTEA) en Tamaulipas, encabez\u00f3 la movilizaci\u00f3n y denunci\u00f3 que actualmente existen niveles tabulares (espec\u00edficamente el 2, 3 y 4) que han quedado por debajo del salario m\u00ednimo vigente, lo cual calificaron como una situaci\u00f3n \u00abal margen de la ley\u00bb.\u00bb<\/p>\n\n\n\n<p>Estamos pidiendo que esos salarios sean incrementados, adem\u00e1s del logro de nuestro incremento salarial anual y la modificaci\u00f3n del contrato colectivo. El salario debe ser remunerador y digno, nunca menor a los m\u00ednimos establecidos\u00bb, afirm\u00f3 la l\u00edder sindical.<\/p>\n\n\n\n<p>La problem\u00e1tica no es exclusiva de la entidad, ya que afecta a 2,500 trabajadores a nivel nacional. En lo que respecta a Tamaulipas, son 181 empleados los que sufren este rezago econ\u00f3mico, distribuidos en las 10 coordinaciones de zona que operan en el estado.<\/p>\n\n\n\n<p>A pesar de la presencia de los manifestantes en la capital del estado, M\u00e1rquez Ibarra aclar\u00f3 que no existe un paro de labores activo, debido a que el personal se encuentra actualmente en receso vacacional.<\/p>\n\n\n\n<p>\u00abEstamos apoyando en todos los estados. Regresamos a laborar el pr\u00f3ximo lunes, pero nos mantenemos en pie de lucha para respaldar la mesa de di\u00e1logo que se lleva a cabo a nivel nacional en el Estado de M\u00e9xico\u00bb, explic\u00f3.<\/p>\n\n\n\n<p>El objetivo principal de esta movilizaci\u00f3n simult\u00e1nea en el pa\u00eds es presionar a la Secretar\u00eda de Hacienda y Cr\u00e9dito P\u00fablico para que autorice el presupuesto necesario que permita el incremento salarial. Los trabajadores aseguraron que continuar\u00e1n con las medidas de presi\u00f3n necesarias hasta obtener una respuesta justa que dignifique su labor educativa en favor de los adultos en Tamaulipas.<\/p>\n","protected":false},"excerpt":{"rendered":"<p>Por: Alfredo Uvalle Un grupo de aproximadamente 60 trabajadores del Instituto Tamaulipeco de Educaci\u00f3n para los Adultos (ITEA)<\/p>\n","protected":false},"author":1,"featured_media":0,"comment_status":"open","ping_status":"open","sticky":false,"template":"","format":"standard","meta":{"footnotes":""},"categories":[1],"tags":[],"class_list":["post-570","post","type-post","status-publish","format-standard","hentry","category-tamaulipas"],"_links":{"self":[{"href":"https:\/\/RadarTamaulipas.info\/index.php?rest_route=\/wp\/v2\/posts\/570","targetHints":{"allow":["GET"]}}],"collection":[{"href":"https:\/\/RadarTamaulipas.info\/index.php?rest_route=\/wp\/v2\/posts"}],"about":[{"href":"https:\/\/RadarTamaulipas.info\/index.php?rest_route=\/wp\/v2\/types\/post"}],"author":[{"embeddable":true,"href":"https:\/\/RadarTamaulipas.info\/index.php?rest_route=\/wp\/v2\/users\/1"}],"replies":[{"embeddable":true,"href":"https:\/\/RadarTamaulipas.info\/index.php?rest_route=%2Fwp%2Fv2%2Fcomments&post=570"}],"version-history":[{"count":1,"href":"https:\/\/RadarTamaulipas.info\/index.php?rest_route=\/wp\/v2\/posts\/570\/revisions"}],"predecessor-version":[{"id":572,"href":"https:\/\/RadarTamaulipas.info\/index.php?rest_route=\/wp\/v2\/posts\/570\/revisions\/572"}],"wp:attachment":[{"href":"https:\/\/RadarTamaulipas.info\/index.php?rest_route=%2Fwp%2Fv2%2Fmedia&parent=570"}],"wp:term":[{"taxonomy":"category","embeddable":true,"href":"https:\/\/RadarTamaulipas.info\/index.php?rest_route=%2Fwp%2Fv2%2Fcategories&post=570"},{"taxonomy":"post_tag","embeddable":true,"href":"https:\/\/RadarTamaulipas.info\/index.php?rest_route=%2Fwp%2Fv2%2Ftags&post=570"}],"curies":[{"name":"wp","href":"https:\/\/api.w.org\/{rel}","templated":true}]}}