{"id":578,"date":"2026-04-09T19:56:04","date_gmt":"2026-04-09T19:56:04","guid":{"rendered":"https:\/\/RadarTamaulipas.info\/?p=578"},"modified":"2026-04-09T21:19:12","modified_gmt":"2026-04-09T21:19:12","slug":"falla-mecanica-y-exceso-de-velocidad-provocan-choque-de-microbus-en-ciudad-victoria-hay-15-lesionados","status":"publish","type":"post","link":"https:\/\/RadarTamaulipas.info\/?p=578","title":{"rendered":"Falla mec\u00e1nica y exceso de velocidad provocan choque de microb\u00fas en Ciudad Victoria; hay 15 lesionados"},"content":{"rendered":"\n<figure class=\"wp-block-gallery has-nested-images columns-default is-cropped wp-block-gallery-1 is-layout-flex wp-block-gallery-is-layout-flex\">\n<figure class=\"wp-block-image size-large\"><img loading=\"lazy\" decoding=\"async\" width=\"298\" height=\"498\" data-id=\"579\" src=\"https:\/\/radartamaulipas.info\/wp-content\/uploads\/2026\/04\/IMG-20260409-WA0009.jpg\" alt=\"\" class=\"wp-image-579\" srcset=\"https:\/\/radartamaulipas.info\/wp-content\/uploads\/2026\/04\/IMG-20260409-WA0009.jpg 298w, https:\/\/radartamaulipas.info\/wp-content\/uploads\/2026\/04\/IMG-20260409-WA0009-180x300.jpg 180w\" sizes=\"auto, (max-width: 298px) 100vw, 298px\" \/><\/figure>\n\n\n\n<figure class=\"wp-block-image size-large\"><img loading=\"lazy\" decoding=\"async\" width=\"326\" height=\"539\" data-id=\"580\" src=\"https:\/\/radartamaulipas.info\/wp-content\/uploads\/2026\/04\/IMG-20260409-WA0010.jpg\" alt=\"\" class=\"wp-image-580\" srcset=\"https:\/\/radartamaulipas.info\/wp-content\/uploads\/2026\/04\/IMG-20260409-WA0010.jpg 326w, https:\/\/radartamaulipas.info\/wp-content\/uploads\/2026\/04\/IMG-20260409-WA0010-181x300.jpg 181w\" sizes=\"auto, (max-width: 326px) 100vw, 326px\" \/><\/figure>\n\n\n\n<figure class=\"wp-block-image size-large\"><img loading=\"lazy\" decoding=\"async\" width=\"400\" height=\"620\" data-id=\"581\" src=\"https:\/\/radartamaulipas.info\/wp-content\/uploads\/2026\/04\/IMG-20260409-WA0011.jpg\" alt=\"\" class=\"wp-image-581\" srcset=\"https:\/\/radartamaulipas.info\/wp-content\/uploads\/2026\/04\/IMG-20260409-WA0011.jpg 400w, https:\/\/radartamaulipas.info\/wp-content\/uploads\/2026\/04\/IMG-20260409-WA0011-194x300.jpg 194w\" sizes=\"auto, (max-width: 400px) 100vw, 400px\" \/><\/figure>\n<\/figure>\n\n\n\n<p>Por:  Alfredo Uvalle<\/p>\n\n\n\n<p> Un aparatoso accidente se registr\u00f3 sobre la prolongaci\u00f3n del Boulevard Praxedis Balboa, cuando una unidad del transporte p\u00fablico de la ruta IMSS-UAT-Parque Bicentenario se estrell\u00f3 contra una palmera, dejando un saldo de 15 personas lesionadas.<\/p>\n\n\n\n<p>De acuerdo con los primeros reportes, el percance ocurri\u00f3 cuando el microb\u00fas circulaba en direcci\u00f3n de poniente a oriente con destino a la Torre Bicentenario. Al llegar a la altura del puente de la Colonia Moderna, el conductor perdi\u00f3 el control del veh\u00edculo, presuntamente debido a una falla mec\u00e1nica en el sistema de frenos, lo que provoc\u00f3 que la unidad terminara impact\u00e1ndose de frente contra una de las palmeras del camell\u00f3n central.<\/p>\n\n\n\n<p>Testigos y pasajeros se\u00f1alaron que, adem\u00e1s del fallo t\u00e9cnico, el chofer conduc\u00eda a exceso de velocidad, lo que agrav\u00f3 la fuerza del impacto.<\/p>\n\n\n\n<p>Al lugar arribaron de inmediato elementos de Tr\u00e1nsito Local y param\u00e9dicos del Centro Regulador de Urgencias M\u00e9dicas (CRUM), quienes brindaron los primeros auxilios a los 15 pasajeros afectados, entre los cuales se encontraban cuatro menores de edad.<\/p>\n\n\n\n<p>Tras la valoraci\u00f3n m\u00e9dica en el sitio, las autoridades confirmaron el traslado de cuatro personas a un hospital de la ciudad para descartar posibles fracturas y recibir atenci\u00f3n especializada debido a la gravedad de los golpes recibidos. <\/p>\n\n\n\n<p>El \u00e1rea fue resguardada por las autoridades viales para realizar los peritajes correspondientes y retirar la unidad siniestrada para deslindar responsabilidades.<\/p>\n","protected":false},"excerpt":{"rendered":"<p>Por: Alfredo Uvalle Un aparatoso accidente se registr\u00f3 sobre la prolongaci\u00f3n del Boulevard Praxedis Balboa, cuando una unidad<\/p>\n","protected":false},"author":1,"featured_media":0,"comment_status":"open","ping_status":"open","sticky":false,"template":"","format":"standard","meta":{"footnotes":""},"categories":[1],"tags":[],"class_list":["post-578","post","type-post","status-publish","format-standard","hentry","category-tamaulipas"],"_links":{"self":[{"href":"https:\/\/RadarTamaulipas.info\/index.php?rest_route=\/wp\/v2\/posts\/578","targetHints":{"allow":["GET"]}}],"collection":[{"href":"https:\/\/RadarTamaulipas.info\/index.php?rest_route=\/wp\/v2\/posts"}],"about":[{"href":"https:\/\/RadarTamaulipas.info\/index.php?rest_route=\/wp\/v2\/types\/post"}],"author":[{"embeddable":true,"href":"https:\/\/RadarTamaulipas.info\/index.php?rest_route=\/wp\/v2\/users\/1"}],"replies":[{"embeddable":true,"href":"https:\/\/RadarTamaulipas.info\/index.php?rest_route=%2Fwp%2Fv2%2Fcomments&post=578"}],"version-history":[{"count":1,"href":"https:\/\/RadarTamaulipas.info\/index.php?rest_route=\/wp\/v2\/posts\/578\/revisions"}],"predecessor-version":[{"id":582,"href":"https:\/\/RadarTamaulipas.info\/index.php?rest_route=\/wp\/v2\/posts\/578\/revisions\/582"}],"wp:attachment":[{"href":"https:\/\/RadarTamaulipas.info\/index.php?rest_route=%2Fwp%2Fv2%2Fmedia&parent=578"}],"wp:term":[{"taxonomy":"category","embeddable":true,"href":"https:\/\/RadarTamaulipas.info\/index.php?rest_route=%2Fwp%2Fv2%2Fcategories&post=578"},{"taxonomy":"post_tag","embeddable":true,"href":"https:\/\/RadarTamaulipas.info\/index.php?rest_route=%2Fwp%2Fv2%2Ftags&post=578"}],"curies":[{"name":"wp","href":"https:\/\/api.w.org\/{rel}","templated":true}]}}