{"id":584,"date":"2026-04-09T21:21:19","date_gmt":"2026-04-09T21:21:19","guid":{"rendered":"https:\/\/RadarTamaulipas.info\/?p=584"},"modified":"2026-04-09T21:21:21","modified_gmt":"2026-04-09T21:21:21","slug":"muere-albanil-tras-recibir-descarga-electrica-y-caer-de-un-segundo-piso-en-ciudad-victoria","status":"publish","type":"post","link":"https:\/\/RadarTamaulipas.info\/?p=584","title":{"rendered":"Muere alba\u00f1il tras recibir descarga el\u00e9ctrica y caer de un segundo piso en Ciudad Victoria"},"content":{"rendered":"\n<figure class=\"wp-block-gallery has-nested-images columns-default is-cropped wp-block-gallery-1 is-layout-flex wp-block-gallery-is-layout-flex\">\n<figure class=\"wp-block-image size-large\"><img loading=\"lazy\" decoding=\"async\" width=\"755\" height=\"663\" data-id=\"585\" src=\"https:\/\/radartamaulipas.info\/wp-content\/uploads\/2026\/04\/IMG-20260409-WA0014.jpg\" alt=\"\" class=\"wp-image-585\" srcset=\"https:\/\/radartamaulipas.info\/wp-content\/uploads\/2026\/04\/IMG-20260409-WA0014.jpg 755w, https:\/\/radartamaulipas.info\/wp-content\/uploads\/2026\/04\/IMG-20260409-WA0014-300x263.jpg 300w\" sizes=\"auto, (max-width: 755px) 100vw, 755px\" \/><\/figure>\n\n\n\n<figure class=\"wp-block-image size-large\"><img loading=\"lazy\" decoding=\"async\" width=\"301\" height=\"434\" data-id=\"586\" src=\"https:\/\/radartamaulipas.info\/wp-content\/uploads\/2026\/04\/IMG-20260409-WA0015.jpg\" alt=\"\" class=\"wp-image-586\" srcset=\"https:\/\/radartamaulipas.info\/wp-content\/uploads\/2026\/04\/IMG-20260409-WA0015.jpg 301w, https:\/\/radartamaulipas.info\/wp-content\/uploads\/2026\/04\/IMG-20260409-WA0015-208x300.jpg 208w\" sizes=\"auto, (max-width: 301px) 100vw, 301px\" \/><\/figure>\n\n\n\n<figure class=\"wp-block-image size-large\"><img loading=\"lazy\" decoding=\"async\" width=\"580\" height=\"739\" data-id=\"587\" src=\"https:\/\/radartamaulipas.info\/wp-content\/uploads\/2026\/04\/IMG-20260409-WA0016.jpg\" alt=\"\" class=\"wp-image-587\" srcset=\"https:\/\/radartamaulipas.info\/wp-content\/uploads\/2026\/04\/IMG-20260409-WA0016.jpg 580w, https:\/\/radartamaulipas.info\/wp-content\/uploads\/2026\/04\/IMG-20260409-WA0016-235x300.jpg 235w\" sizes=\"auto, (max-width: 580px) 100vw, 580px\" \/><\/figure>\n<\/figure>\n\n\n\n<p>Por:  Alfredo Uvalle <\/p>\n\n\n\n<p>Una tragedia ocurri\u00f3 la tarde de este jueves en la colonia Emilio Portes Gil, al oriente de la capital, donde un joven trabajador de la construcci\u00f3n perdi\u00f3 la vida tras recibir una fuerte descarga el\u00e9ctrica y caer desde lo alto de una vivienda.<\/p>\n\n\n\n<p>El hoy occiso fue identificado como Juan, de 34 a\u00f1os, quien se desempe\u00f1aba como alba\u00f1il. Los hechos se registraron en un domicilio ubicado en la calle Constituci\u00f3n, a la altura de la calle 18 de Julio.<\/p>\n\n\n\n<p>De acuerdo con los reportes iniciales, Juan se encontraba trabajando con madera en el techo de un segundo piso. Debido a que la superficie estaba h\u00fameda, el hombre accidentalmente hizo contacto con cables de alta tensi\u00f3n de la Comisi\u00f3n Federal de Electricidad (CFE). El fuerte impacto el\u00e9ctrico provoc\u00f3 que saliera proyectado y cayera hasta la banqueta, perdiendo la vida de manera instant\u00e1nea.<\/p>\n\n\n\n<p>Al confirmar el deceso, elementos de la Guardia Estatal y de la Polic\u00eda Investigadora de la fiscal\u00eda general de Justicia procedieron a acordonar la zona con cinta amarilla, cerrando el paso al tr\u00e1fico vehicular para preservar la escena y cumplir con el protocolo correspondiente.<\/p>\n\n\n\n<p>Minutos m\u00e1s tarde, arrib\u00f3 una unidad del Servicio M\u00e9dico Forense (SEMEFO) de la fiscal\u00eda general de Justicia del Estado de Tamaulipas, en donde los peritos realizaron las labores de campo necesarias y procedieron al levantamiento del cuerpo para trasladarlo a sus instalaciones, donde se le practicar\u00e1 la necropsia de ley.<\/p>\n","protected":false},"excerpt":{"rendered":"<p>Por: Alfredo Uvalle Una tragedia ocurri\u00f3 la tarde de este jueves en la colonia Emilio Portes Gil, al<\/p>\n","protected":false},"author":1,"featured_media":0,"comment_status":"open","ping_status":"open","sticky":false,"template":"","format":"standard","meta":{"footnotes":""},"categories":[1],"tags":[],"class_list":["post-584","post","type-post","status-publish","format-standard","hentry","category-tamaulipas"],"_links":{"self":[{"href":"https:\/\/RadarTamaulipas.info\/index.php?rest_route=\/wp\/v2\/posts\/584","targetHints":{"allow":["GET"]}}],"collection":[{"href":"https:\/\/RadarTamaulipas.info\/index.php?rest_route=\/wp\/v2\/posts"}],"about":[{"href":"https:\/\/RadarTamaulipas.info\/index.php?rest_route=\/wp\/v2\/types\/post"}],"author":[{"embeddable":true,"href":"https:\/\/RadarTamaulipas.info\/index.php?rest_route=\/wp\/v2\/users\/1"}],"replies":[{"embeddable":true,"href":"https:\/\/RadarTamaulipas.info\/index.php?rest_route=%2Fwp%2Fv2%2Fcomments&post=584"}],"version-history":[{"count":1,"href":"https:\/\/RadarTamaulipas.info\/index.php?rest_route=\/wp\/v2\/posts\/584\/revisions"}],"predecessor-version":[{"id":588,"href":"https:\/\/RadarTamaulipas.info\/index.php?rest_route=\/wp\/v2\/posts\/584\/revisions\/588"}],"wp:attachment":[{"href":"https:\/\/RadarTamaulipas.info\/index.php?rest_route=%2Fwp%2Fv2%2Fmedia&parent=584"}],"wp:term":[{"taxonomy":"category","embeddable":true,"href":"https:\/\/RadarTamaulipas.info\/index.php?rest_route=%2Fwp%2Fv2%2Fcategories&post=584"},{"taxonomy":"post_tag","embeddable":true,"href":"https:\/\/RadarTamaulipas.info\/index.php?rest_route=%2Fwp%2Fv2%2Ftags&post=584"}],"curies":[{"name":"wp","href":"https:\/\/api.w.org\/{rel}","templated":true}]}}