{"id":602,"date":"2026-04-12T18:41:28","date_gmt":"2026-04-12T18:41:28","guid":{"rendered":"https:\/\/RadarTamaulipas.info\/?p=602"},"modified":"2026-04-12T18:41:29","modified_gmt":"2026-04-12T18:41:29","slug":"concluye-uat-periodo-vacacional-y-reanuda-actividades-en-sus-campus","status":"publish","type":"post","link":"https:\/\/RadarTamaulipas.info\/?p=602","title":{"rendered":"Concluye UAT periodo vacacional y reanuda actividades en sus campus"},"content":{"rendered":"\n<figure class=\"wp-block-image size-large\"><img loading=\"lazy\" decoding=\"async\" width=\"1024\" height=\"683\" src=\"https:\/\/radartamaulipas.info\/wp-content\/uploads\/2026\/04\/IMG-20260412-WA0002-1024x683.jpg\" alt=\"\" class=\"wp-image-603\" srcset=\"https:\/\/radartamaulipas.info\/wp-content\/uploads\/2026\/04\/IMG-20260412-WA0002-1024x683.jpg 1024w, https:\/\/radartamaulipas.info\/wp-content\/uploads\/2026\/04\/IMG-20260412-WA0002-300x200.jpg 300w, https:\/\/radartamaulipas.info\/wp-content\/uploads\/2026\/04\/IMG-20260412-WA0002-768x512.jpg 768w, https:\/\/radartamaulipas.info\/wp-content\/uploads\/2026\/04\/IMG-20260412-WA0002.jpg 1500w\" sizes=\"auto, (max-width: 1024px) 100vw, 1024px\" \/><\/figure>\n\n\n\n<p>Ciudad Victoria, Tam.; 12 de abril de 2026.<\/p>\n\n\n\n<p>La Universidad Aut\u00f3noma de Tamaulipas (UAT) reanuda sus actividades acad\u00e9micas y administrativas este lunes 13 de abril de 2026, luego de concluir el periodo vacacional de primavera establecido en el calendario escolar y administrativo vigente.Con el regreso a labores del personal sindicalizado y de confianza, as\u00ed como de la comunidad docente y estudiantil de las escuelas, facultades y unidades acad\u00e9micas, la UAT da continuidad al periodo escolar, reafirmando su compromiso con la formaci\u00f3n integral, la calidad educativa y el fortalecimiento institucional.<\/p>\n\n\n\n<p>En este marco, la administraci\u00f3n del rector D\u00e1maso Anaya Alvarado ha destacado que la reanudaci\u00f3n de actividades representa una oportunidad para consolidar los avances acad\u00e9micos y administrativos del ciclo, manteniendo una din\u00e1mica de trabajo basada en la unidad, la responsabilidad y el cumplimiento de los objetivos estrat\u00e9gicos de la Universidad.Asimismo, se ha subrayado que el periodo de clases Primavera 2026 concluir\u00e1 el 22 de mayo, dando paso al periodo de verano que iniciar\u00e1 en el mes de junio, el cual ofrece a las y los estudiantes una alternativa acad\u00e9mica intensiva y opcional para adelantar materias o regularizar su trayectoria escolar.<\/p>\n\n\n\n<p>De igual manera, la instituci\u00f3n contin\u00faa a la par con el proceso de registro de aspirantes a nuevo ingreso para el periodo 2026-3 (Oto\u00f1o 2026), el cual permanecer\u00e1 abierto hasta el 12 de junio. El examen de admisi\u00f3n EXANI II se aplicar\u00e1 el 25 de junio, mientras que los resultados ser\u00e1n publicados el 3 de agosto, previo al inicio de clases en ese mismo mes.<\/p>\n\n\n\n<p>En esta nueva etapa del ciclo acad\u00e9mico, la Universidad mantiene su enfoque en el fortalecimiento de sus m\u00e1s de 90 programas educativos, distribuidos en las zonas Norte, Centro y Sur del estado, contribuyendo al desarrollo social, cultural y productivo de Tamaulipas.Para m\u00e1s informaci\u00f3n sobre la oferta educativa, consultar el sitio oficial de esta casa de estudios: https:\/\/www.uat.edu.mx\/oferta-educativa.<\/p>\n","protected":false},"excerpt":{"rendered":"<p>Ciudad Victoria, Tam.; 12 de abril de 2026. La Universidad Aut\u00f3noma de Tamaulipas (UAT) reanuda sus actividades acad\u00e9micas<\/p>\n","protected":false},"author":1,"featured_media":0,"comment_status":"open","ping_status":"open","sticky":false,"template":"","format":"standard","meta":{"footnotes":""},"categories":[1],"tags":[],"class_list":["post-602","post","type-post","status-publish","format-standard","hentry","category-tamaulipas"],"_links":{"self":[{"href":"https:\/\/RadarTamaulipas.info\/index.php?rest_route=\/wp\/v2\/posts\/602","targetHints":{"allow":["GET"]}}],"collection":[{"href":"https:\/\/RadarTamaulipas.info\/index.php?rest_route=\/wp\/v2\/posts"}],"about":[{"href":"https:\/\/RadarTamaulipas.info\/index.php?rest_route=\/wp\/v2\/types\/post"}],"author":[{"embeddable":true,"href":"https:\/\/RadarTamaulipas.info\/index.php?rest_route=\/wp\/v2\/users\/1"}],"replies":[{"embeddable":true,"href":"https:\/\/RadarTamaulipas.info\/index.php?rest_route=%2Fwp%2Fv2%2Fcomments&post=602"}],"version-history":[{"count":1,"href":"https:\/\/RadarTamaulipas.info\/index.php?rest_route=\/wp\/v2\/posts\/602\/revisions"}],"predecessor-version":[{"id":604,"href":"https:\/\/RadarTamaulipas.info\/index.php?rest_route=\/wp\/v2\/posts\/602\/revisions\/604"}],"wp:attachment":[{"href":"https:\/\/RadarTamaulipas.info\/index.php?rest_route=%2Fwp%2Fv2%2Fmedia&parent=602"}],"wp:term":[{"taxonomy":"category","embeddable":true,"href":"https:\/\/RadarTamaulipas.info\/index.php?rest_route=%2Fwp%2Fv2%2Fcategories&post=602"},{"taxonomy":"post_tag","embeddable":true,"href":"https:\/\/RadarTamaulipas.info\/index.php?rest_route=%2Fwp%2Fv2%2Ftags&post=602"}],"curies":[{"name":"wp","href":"https:\/\/api.w.org\/{rel}","templated":true}]}}