{"id":605,"date":"2026-04-13T22:40:25","date_gmt":"2026-04-13T22:40:25","guid":{"rendered":"https:\/\/RadarTamaulipas.info\/?p=605"},"modified":"2026-04-13T22:40:26","modified_gmt":"2026-04-13T22:40:26","slug":"gobierno-licitara-125-mdp-en-proyectos-de-la-nueva-ciudad-judicial","status":"publish","type":"post","link":"https:\/\/RadarTamaulipas.info\/?p=605","title":{"rendered":"Gobierno licitar\u00e1 125 MDP en proyectos de la Nueva Ciudad Judicial"},"content":{"rendered":"\n<figure class=\"wp-block-image size-full\"><img loading=\"lazy\" decoding=\"async\" width=\"665\" height=\"681\" src=\"https:\/\/radartamaulipas.info\/wp-content\/uploads\/2026\/04\/IMG-20260413-WA0039.jpg\" alt=\"\" class=\"wp-image-606\" srcset=\"https:\/\/radartamaulipas.info\/wp-content\/uploads\/2026\/04\/IMG-20260413-WA0039.jpg 665w, https:\/\/radartamaulipas.info\/wp-content\/uploads\/2026\/04\/IMG-20260413-WA0039-293x300.jpg 293w\" sizes=\"auto, (max-width: 665px) 100vw, 665px\" \/><\/figure>\n\n\n\n<p> Por:  Alfredo Uvalle<\/p>\n\n\n\n<p>El Gobernador de Tamaulipas Am\u00e9rico Villarreal Anaya, anunci\u00f3 licitaciones por el orden de los 125 millones de pesos destinados al proyecto de adecuaci\u00f3n final de obra civil y para la instalaci\u00f3n del equipamiento necesario para la operaci\u00f3n de la Nueva Ciudad Judicial, ubicada sobre la carretera a Soto La Marina en la capital del estado.<\/p>\n\n\n\n<p> \u201cEstamos valorando tambi\u00e9n las alternativas para el dise\u00f1o, ubicaci\u00f3n y construcci\u00f3n de las nuevas salas de oralidad que se requieren, todo esto en lo relativo a la obra material, pero como se ha dicho hay un esfuerzo presupuestal adicional muy importante para dignificar a la base trabajadora del poder judicial\u201d, puntualiz\u00f3. <\/p>\n\n\n\n<p>Durante su mensaje en la ceremonia c\u00edvica de honores, evento realizado en la explanada del Poder Judicial en Ciudad Victoria, Villarreal Anaya, confirm\u00f3 su disposici\u00f3n de reconstruir las instituciones del estado, para colocarlas al servicio del pueblo, de manera que los tres poderes unidos, cohesionados, de forma colaborativa y en la plenitud de sus respectivas autonom\u00edas puedan asumir a cabalidad la misi\u00f3n de representar y servir mejor a Tamaulipas. <\/p>\n\n\n\n<p>\u201cLo hemos dicho en distintas ocasiones, la historia de Tamaulipas recordar\u00e1 que logramos un hecho sin precedentes con la reforma constitucional, que hizo posible el proceso democr\u00e1tico a trav\u00e9s del voto, libre, directo y secreto de las y los tamaulipecos para elegir a las personas juzgadores e integrantes del nuevo poder judicial del Estado\u201d, se\u00f1al\u00f3. <\/p>\n\n\n\n<p>Refiri\u00f3 que en los primeros 100 d\u00edas de este 2026, se puede ver ya algunos resultados de su refundaci\u00f3n, as\u00ed como de su importante aporte a la regeneraci\u00f3n de la vida p\u00fablica de Tamaulipas. <\/p>\n\n\n\n<p> \u201cHoy estamos concretando una nivelaci\u00f3n salarial significativa que impacta al 85% de las y los trabajadores del poder judicial con  incrementos que van desde el 22% hasta por arriba del 100% en algunas posiciones que estaban muy rezagadas, con una inversi\u00f3n anual del orden de los 117 millones de pesos y tiene el prop\u00f3sito de alcanzar los objetivos que nos propusimos al impulsar esta reforma hist\u00f3rica a nuestra constituci\u00f3n, buscando que la justicia llegue a tiempo para que haya tribunales que protejan al d\u00e9bil, que castiguen el abuso, para que haya tribunales que colaboran en un combate sin tregua a la impunidad, que se restablezca la confianza hacia las y los juzgadores, que impere un estado de derecho pleno\u201d, dijo Villarreal Anaya.<\/p>\n\n\n\n<p><\/p>\n","protected":false},"excerpt":{"rendered":"<p>Por: Alfredo Uvalle El Gobernador de Tamaulipas Am\u00e9rico Villarreal Anaya, anunci\u00f3 licitaciones por el orden de los 125<\/p>\n","protected":false},"author":1,"featured_media":0,"comment_status":"open","ping_status":"open","sticky":false,"template":"","format":"standard","meta":{"footnotes":""},"categories":[1],"tags":[],"class_list":["post-605","post","type-post","status-publish","format-standard","hentry","category-tamaulipas"],"_links":{"self":[{"href":"https:\/\/RadarTamaulipas.info\/index.php?rest_route=\/wp\/v2\/posts\/605","targetHints":{"allow":["GET"]}}],"collection":[{"href":"https:\/\/RadarTamaulipas.info\/index.php?rest_route=\/wp\/v2\/posts"}],"about":[{"href":"https:\/\/RadarTamaulipas.info\/index.php?rest_route=\/wp\/v2\/types\/post"}],"author":[{"embeddable":true,"href":"https:\/\/RadarTamaulipas.info\/index.php?rest_route=\/wp\/v2\/users\/1"}],"replies":[{"embeddable":true,"href":"https:\/\/RadarTamaulipas.info\/index.php?rest_route=%2Fwp%2Fv2%2Fcomments&post=605"}],"version-history":[{"count":1,"href":"https:\/\/RadarTamaulipas.info\/index.php?rest_route=\/wp\/v2\/posts\/605\/revisions"}],"predecessor-version":[{"id":607,"href":"https:\/\/RadarTamaulipas.info\/index.php?rest_route=\/wp\/v2\/posts\/605\/revisions\/607"}],"wp:attachment":[{"href":"https:\/\/RadarTamaulipas.info\/index.php?rest_route=%2Fwp%2Fv2%2Fmedia&parent=605"}],"wp:term":[{"taxonomy":"category","embeddable":true,"href":"https:\/\/RadarTamaulipas.info\/index.php?rest_route=%2Fwp%2Fv2%2Fcategories&post=605"},{"taxonomy":"post_tag","embeddable":true,"href":"https:\/\/RadarTamaulipas.info\/index.php?rest_route=%2Fwp%2Fv2%2Ftags&post=605"}],"curies":[{"name":"wp","href":"https:\/\/api.w.org\/{rel}","templated":true}]}}