{"id":617,"date":"2026-04-16T01:36:36","date_gmt":"2026-04-16T01:36:36","guid":{"rendered":"https:\/\/RadarTamaulipas.info\/?p=617"},"modified":"2026-04-16T01:36:37","modified_gmt":"2026-04-16T01:36:37","slug":"tortilleros-de-tamaulipas-advierten-si-sube-la-harina-subira-la-tortilla","status":"publish","type":"post","link":"https:\/\/RadarTamaulipas.info\/?p=617","title":{"rendered":"Tortilleros de Tamaulipas advierten: si sube la harina, subir\u00e1 la tortilla"},"content":{"rendered":"\n<figure class=\"wp-block-image size-full\"><img loading=\"lazy\" decoding=\"async\" width=\"842\" height=\"730\" src=\"https:\/\/radartamaulipas.info\/wp-content\/uploads\/2026\/04\/IMG-20260415-WA0020.jpg\" alt=\"\" class=\"wp-image-618\" srcset=\"https:\/\/radartamaulipas.info\/wp-content\/uploads\/2026\/04\/IMG-20260415-WA0020.jpg 842w, https:\/\/radartamaulipas.info\/wp-content\/uploads\/2026\/04\/IMG-20260415-WA0020-300x260.jpg 300w, https:\/\/radartamaulipas.info\/wp-content\/uploads\/2026\/04\/IMG-20260415-WA0020-768x666.jpg 768w\" sizes=\"auto, (max-width: 842px) 100vw, 842px\" \/><\/figure>\n\n\n\n<p>Por:  Alfredo Uvalle<\/p>\n\n\n\n<p>Empresarios de la Industria de la Masa y la Tortilla en Tamaulipas lanzaron una advertencia ante el posible incremento en los costos de producci\u00f3n. Enrique Y\u00e1\u00f1ez Reyes, l\u00edder estatal del gremio, se\u00f1al\u00f3 que el precio del kilo de tortilla podr\u00eda alcanzar los 28 o incluso 30 pesos si las empresas harineras deciden aumentar sus precios.<\/p>\n\n\n\n<p>El sector manifest\u00f3 su descontento con la Secretar\u00eda de Agricultura y Desarrollo Rural (SADER). Y\u00e1\u00f1ez Reyes calific\u00f3 como una \u00abmentira\u00bb el supuesto consenso nacional sobre el acuerdo \u00abMa\u00edz-Tortilla\u00bb, asegurando que el documento presentado al Gobierno Federal solo fue firmado por unos cuantos integrantes del gremio, dejando fuera a la gran mayor\u00eda.<\/p>\n\n\n\n<p>Ante esta situaci\u00f3n, los industriales exigieron formalmente la renuncia del secretario Julio Berdegu\u00e9 Sacrist\u00e1n, a quien acusan de enga\u00f1ar a la presidenta de la Rep\u00fablica sobre la realidad que enfrentan los productores.<\/p>\n\n\n\n<p>La propuesta: Control a harineras o expropiaci\u00f3nEl l\u00edder estatal fue enf\u00e1tico al se\u00f1alar a las empresas harineras como las responsables de marcar la pauta inflacionaria. Propuso medidas dr\u00e1sticas para proteger el bolsillo de los consumidores.<\/p>\n\n\n\n<p>\u201cEsperamos que la presidenta de M\u00e9xico logre acuerdos con las harineras para frenar alzas y en caso de no llegar a un acuerdo y que los insumos sigan subiendo, que se tome el control de las empresas harineras, que sean expropiadas\u201d, puntualiz\u00f3. <\/p>\n\n\n\n<p>\u00abSi hay un aumento de la harina, claro que se tendr\u00eda que hacer (subir la tortilla)&#8230; si la presidenta toma cartas en el asunto contra las harineras la situaci\u00f3n cambia\u00bb, afirm\u00f3 Y\u00e1\u00f1ez Reyes.Actualmente, el estado cuenta con un registro de 2,600 industriales distribuidos en los 43 municipios. Los representantes del sector lamentaron la falta de apoyos reales para la industria, describiendo el panorama actual como cr\u00edtico.<\/p>\n","protected":false},"excerpt":{"rendered":"<p>Por: Alfredo Uvalle Empresarios de la Industria de la Masa y la Tortilla en Tamaulipas lanzaron una advertencia<\/p>\n","protected":false},"author":1,"featured_media":0,"comment_status":"open","ping_status":"open","sticky":false,"template":"","format":"standard","meta":{"footnotes":""},"categories":[1],"tags":[],"class_list":["post-617","post","type-post","status-publish","format-standard","hentry","category-tamaulipas"],"_links":{"self":[{"href":"https:\/\/RadarTamaulipas.info\/index.php?rest_route=\/wp\/v2\/posts\/617","targetHints":{"allow":["GET"]}}],"collection":[{"href":"https:\/\/RadarTamaulipas.info\/index.php?rest_route=\/wp\/v2\/posts"}],"about":[{"href":"https:\/\/RadarTamaulipas.info\/index.php?rest_route=\/wp\/v2\/types\/post"}],"author":[{"embeddable":true,"href":"https:\/\/RadarTamaulipas.info\/index.php?rest_route=\/wp\/v2\/users\/1"}],"replies":[{"embeddable":true,"href":"https:\/\/RadarTamaulipas.info\/index.php?rest_route=%2Fwp%2Fv2%2Fcomments&post=617"}],"version-history":[{"count":1,"href":"https:\/\/RadarTamaulipas.info\/index.php?rest_route=\/wp\/v2\/posts\/617\/revisions"}],"predecessor-version":[{"id":619,"href":"https:\/\/RadarTamaulipas.info\/index.php?rest_route=\/wp\/v2\/posts\/617\/revisions\/619"}],"wp:attachment":[{"href":"https:\/\/RadarTamaulipas.info\/index.php?rest_route=%2Fwp%2Fv2%2Fmedia&parent=617"}],"wp:term":[{"taxonomy":"category","embeddable":true,"href":"https:\/\/RadarTamaulipas.info\/index.php?rest_route=%2Fwp%2Fv2%2Fcategories&post=617"},{"taxonomy":"post_tag","embeddable":true,"href":"https:\/\/RadarTamaulipas.info\/index.php?rest_route=%2Fwp%2Fv2%2Ftags&post=617"}],"curies":[{"name":"wp","href":"https:\/\/api.w.org\/{rel}","templated":true}]}}