{"id":620,"date":"2026-04-16T21:03:05","date_gmt":"2026-04-16T21:03:05","guid":{"rendered":"https:\/\/RadarTamaulipas.info\/?p=620"},"modified":"2026-04-16T21:39:31","modified_gmt":"2026-04-16T21:39:31","slug":"avanza-reestructuracion-en-la-fiscalia-de-justicia-entregan-nuevo-nombramiento-clave","status":"publish","type":"post","link":"https:\/\/RadarTamaulipas.info\/?p=620","title":{"rendered":"Avanza reestructuraci\u00f3n en la Fiscal\u00eda de Justicia: Entregan nuevo nombramiento clave"},"content":{"rendered":"\n<figure class=\"wp-block-image size-full\"><img loading=\"lazy\" decoding=\"async\" width=\"942\" height=\"677\" src=\"https:\/\/radartamaulipas.info\/wp-content\/uploads\/2026\/04\/IMG-20260416-WA0011.jpg\" alt=\"\" class=\"wp-image-621\" srcset=\"https:\/\/radartamaulipas.info\/wp-content\/uploads\/2026\/04\/IMG-20260416-WA0011.jpg 942w, https:\/\/radartamaulipas.info\/wp-content\/uploads\/2026\/04\/IMG-20260416-WA0011-300x216.jpg 300w, https:\/\/radartamaulipas.info\/wp-content\/uploads\/2026\/04\/IMG-20260416-WA0011-768x552.jpg 768w\" sizes=\"auto, (max-width: 942px) 100vw, 942px\" \/><\/figure>\n\n\n\n<figure class=\"wp-block-gallery has-nested-images columns-default is-cropped wp-block-gallery-1 is-layout-flex wp-block-gallery-is-layout-flex\">\n<figure class=\"wp-block-image size-large\"><img loading=\"lazy\" decoding=\"async\" width=\"1024\" height=\"682\" data-id=\"624\" src=\"https:\/\/radartamaulipas.info\/wp-content\/uploads\/2026\/04\/IMG-20260416-WA0018-1024x682.jpg\" alt=\"\" class=\"wp-image-624\" srcset=\"https:\/\/radartamaulipas.info\/wp-content\/uploads\/2026\/04\/IMG-20260416-WA0018-1024x682.jpg 1024w, https:\/\/radartamaulipas.info\/wp-content\/uploads\/2026\/04\/IMG-20260416-WA0018-300x200.jpg 300w, https:\/\/radartamaulipas.info\/wp-content\/uploads\/2026\/04\/IMG-20260416-WA0018-768x512.jpg 768w, https:\/\/radartamaulipas.info\/wp-content\/uploads\/2026\/04\/IMG-20260416-WA0018-1536x1023.jpg 1536w, https:\/\/radartamaulipas.info\/wp-content\/uploads\/2026\/04\/IMG-20260416-WA0018.jpg 1600w\" sizes=\"auto, (max-width: 1024px) 100vw, 1024px\" \/><\/figure>\n\n\n\n<figure class=\"wp-block-image size-large\"><img loading=\"lazy\" decoding=\"async\" width=\"1024\" height=\"682\" data-id=\"625\" src=\"https:\/\/radartamaulipas.info\/wp-content\/uploads\/2026\/04\/IMG-20260416-WA0017-1024x682.jpg\" alt=\"\" class=\"wp-image-625\" srcset=\"https:\/\/radartamaulipas.info\/wp-content\/uploads\/2026\/04\/IMG-20260416-WA0017-1024x682.jpg 1024w, https:\/\/radartamaulipas.info\/wp-content\/uploads\/2026\/04\/IMG-20260416-WA0017-300x200.jpg 300w, https:\/\/radartamaulipas.info\/wp-content\/uploads\/2026\/04\/IMG-20260416-WA0017-768x512.jpg 768w, https:\/\/radartamaulipas.info\/wp-content\/uploads\/2026\/04\/IMG-20260416-WA0017-1536x1023.jpg 1536w, https:\/\/radartamaulipas.info\/wp-content\/uploads\/2026\/04\/IMG-20260416-WA0017.jpg 1600w\" sizes=\"auto, (max-width: 1024px) 100vw, 1024px\" \/><\/figure>\n<\/figure>\n\n\n\n<p><\/p>\n\n\n\n<p>Avanza reestructuraci\u00f3n en la Fiscal\u00eda de Justicia.<br>Entregan nuevo nombramiento clave<\/p>\n\n\n\n<p>Por: Alfredo Uvalle<\/p>\n\n\n\n<p>El titular de la fiscal\u00eda general de Justicia del Estado de Tamaulipas (FGJET), Jes\u00fas Eduardo Govea Orozco, design\u00f3 esta tarde a Roberto Huerta Perales como Comisario General de Investigaci\u00f3n, d\u00e1ndole como principal encomienda fortalecer las labores sustantivas en materia de investigaci\u00f3n, con apego a los principios de legalidad, eficiencia y profesionalismo que rigen el servicio p\u00fablico.<\/p>\n\n\n\n<p>Roberto Huerta Perales es Licenciado en Derecho y cuenta con trayectoria en el \u00e1mbito de la procuraci\u00f3n de justicia, donde ha desempe\u00f1ado diversas responsabilidades en la investigaci\u00f3n y persecuci\u00f3n de los delitos, as\u00ed como en \u00e1reas operativas y de coordinaci\u00f3n institucional.<\/p>\n\n\n\n<p>Estos son los titulares que a partir de hoy asumen una nueva encomienda en la fiscal\u00eda general de Justicia del Estado de Tamaulipas:<\/p>\n\n\n\n<p>\u2022 Lic. Jorge Luis Pedraza Ahumada, Coordinador de la Oficina del fiscal general de justicia del estado de Tamaulipas.<\/p>\n\n\n\n<p>\u2022 Lic. Aida Nohemi M\u00e1rquez de la Cerda, encargada de la Fiscal\u00eda Especializada en la Investigaci\u00f3n de Delitos contra Ni\u00f1as, Ni\u00f1os y Adolescentes y Mujeres por Razones de G\u00e9nero.<\/p>\n\n\n\n<p>\u2022 Lic. Mois\u00e9s D\u00edaz Garc\u00eda, Director de Quejas, Procedimientos administrativos y Dictaminaci\u00f3n de la Fiscal\u00eda Especializada en Asuntos Internos.<\/p>\n\n\n\n<p>Entre los recientes nombramientos se encuentran tambi\u00e9n el de la titular de la Fiscal\u00eda Especializada en Materia de Asuntos Internos Miranda Zavala Rodr\u00edguez, quien hace un par de d\u00edas tom\u00f3 protesta en el pleno del Congreso del Estado, el Vicefiscal en Delitos de Alto Impacto, Pedro Efra\u00edn Gonz\u00e1lez Aranda, el Director General de Atenci\u00f3n Temprana y Mecanismos Alternativos de Soluci\u00f3n de Controversias Jos\u00e9 Ivez Sober\u00f3n Mej\u00eda y el titular de la Fiscal\u00eda de Distrito en Reynosa Miguel \u00c1ngel Rios Sanjuan.<\/p>\n\n\n\n<p>De esta manera el fiscal general de justicia Eduardo Govea Orozco, arma su equipo con funcionarios de trayectoria y de vasta experiencia, mismos que de igual manera ser\u00e1n evaluados en el desempe\u00f1o de sus funciones con el objetivo de ofrecer los mejores resultados a la sociedad tamaulipeca.<\/p>\n\n\n\n<p><\/p>\n\n\n\n<p><\/p>\n\n\n\n<p><\/p>\n","protected":false},"excerpt":{"rendered":"<p>Avanza reestructuraci\u00f3n en la Fiscal\u00eda de Justicia.Entregan nuevo nombramiento clave Por: Alfredo Uvalle El titular de la fiscal\u00eda<\/p>\n","protected":false},"author":1,"featured_media":0,"comment_status":"open","ping_status":"open","sticky":false,"template":"","format":"standard","meta":{"footnotes":""},"categories":[1],"tags":[],"class_list":["post-620","post","type-post","status-publish","format-standard","hentry","category-tamaulipas"],"_links":{"self":[{"href":"https:\/\/RadarTamaulipas.info\/index.php?rest_route=\/wp\/v2\/posts\/620","targetHints":{"allow":["GET"]}}],"collection":[{"href":"https:\/\/RadarTamaulipas.info\/index.php?rest_route=\/wp\/v2\/posts"}],"about":[{"href":"https:\/\/RadarTamaulipas.info\/index.php?rest_route=\/wp\/v2\/types\/post"}],"author":[{"embeddable":true,"href":"https:\/\/RadarTamaulipas.info\/index.php?rest_route=\/wp\/v2\/users\/1"}],"replies":[{"embeddable":true,"href":"https:\/\/RadarTamaulipas.info\/index.php?rest_route=%2Fwp%2Fv2%2Fcomments&post=620"}],"version-history":[{"count":2,"href":"https:\/\/RadarTamaulipas.info\/index.php?rest_route=\/wp\/v2\/posts\/620\/revisions"}],"predecessor-version":[{"id":626,"href":"https:\/\/RadarTamaulipas.info\/index.php?rest_route=\/wp\/v2\/posts\/620\/revisions\/626"}],"wp:attachment":[{"href":"https:\/\/RadarTamaulipas.info\/index.php?rest_route=%2Fwp%2Fv2%2Fmedia&parent=620"}],"wp:term":[{"taxonomy":"category","embeddable":true,"href":"https:\/\/RadarTamaulipas.info\/index.php?rest_route=%2Fwp%2Fv2%2Fcategories&post=620"},{"taxonomy":"post_tag","embeddable":true,"href":"https:\/\/RadarTamaulipas.info\/index.php?rest_route=%2Fwp%2Fv2%2Ftags&post=620"}],"curies":[{"name":"wp","href":"https:\/\/api.w.org\/{rel}","templated":true}]}}