{"id":635,"date":"2026-04-20T22:58:29","date_gmt":"2026-04-20T22:58:29","guid":{"rendered":"https:\/\/RadarTamaulipas.info\/?p=635"},"modified":"2026-04-20T22:58:30","modified_gmt":"2026-04-20T22:58:30","slug":"de-pelicula-paciente-escapa-del-imss-de-la-loma-en-ciudad-victoria","status":"publish","type":"post","link":"https:\/\/RadarTamaulipas.info\/?p=635","title":{"rendered":"De pel\u00edcula! Paciente escapa del IMSS de \u201cLa Loma\u201d en Ciudad Victoria"},"content":{"rendered":"\n<figure class=\"wp-block-video\"><video height=\"1280\" style=\"aspect-ratio: 720 \/ 1280;\" width=\"720\" controls src=\"https:\/\/radartamaulipas.info\/wp-content\/uploads\/2026\/04\/VID-20260420-WA0017.mp4\"><\/video><\/figure>\n\n\n\n<p>Por: Alfredo Uvalle<\/p>\n\n\n\n<p><\/p>\n\n\n\n<p>Esta tarde, una escena inusual sorprendi\u00f3 a transe\u00fantes y estudiantes en la zona escolar conocida como \u00abLa Loma\u00bb, en Ciudad Victoria. Un video que circula en redes sociales capt\u00f3 el momento exacto en que un hombre sale corriendo a toda velocidad desde el \u00e1rea de urgencias del Hospital del IMSS.<\/p>\n\n\n\n<p>En las im\u00e1genes se observa al masculino, aparentemente un paciente internado, vistiendo \u00fanicamente una bata hospitalaria mientras cruza frente a los planteles educativos, justo en la zona donde se estacionan las unidades del transporte p\u00fablico. Tras \u00e9l, se observa a una mujer que intenta darle alcance sin \u00e9xito.<\/p>\n\n\n\n<p>Hermetismo oficial y cr\u00edticas ciudadanas<br>Hasta el momento, se desconoce la identidad del hombre y las causas que lo motivaron a huir del nosocomio. El incidente ha desatado una ola de comentarios negativos por parte de los derechohabientes, quienes cuestionan la seguridad y la calidad de la atenci\u00f3n que se brinda en esta cl\u00ednica.<\/p>\n\n\n\n<p>A la espera de informaci\u00f3n<br>Al intentar confirmar los detalles con las autoridades del hospital, estas se limitaron a informar que emitir\u00e1n un bolet\u00edn de prensa oficial en el transcurso de la tarde. Exhortaron a la ciudadan\u00eda a mantenerse informada a trav\u00e9s de sus canales digitales para conocer la postura institucional sobre este hecho.<\/p>\n\n\n\n<p><\/p>\n","protected":false},"excerpt":{"rendered":"<p>Por: Alfredo Uvalle Esta tarde, una escena inusual sorprendi\u00f3 a transe\u00fantes y estudiantes en la zona escolar conocida<\/p>\n","protected":false},"author":1,"featured_media":0,"comment_status":"open","ping_status":"open","sticky":false,"template":"","format":"standard","meta":{"footnotes":""},"categories":[1],"tags":[],"class_list":["post-635","post","type-post","status-publish","format-standard","hentry","category-tamaulipas"],"_links":{"self":[{"href":"https:\/\/RadarTamaulipas.info\/index.php?rest_route=\/wp\/v2\/posts\/635","targetHints":{"allow":["GET"]}}],"collection":[{"href":"https:\/\/RadarTamaulipas.info\/index.php?rest_route=\/wp\/v2\/posts"}],"about":[{"href":"https:\/\/RadarTamaulipas.info\/index.php?rest_route=\/wp\/v2\/types\/post"}],"author":[{"embeddable":true,"href":"https:\/\/RadarTamaulipas.info\/index.php?rest_route=\/wp\/v2\/users\/1"}],"replies":[{"embeddable":true,"href":"https:\/\/RadarTamaulipas.info\/index.php?rest_route=%2Fwp%2Fv2%2Fcomments&post=635"}],"version-history":[{"count":1,"href":"https:\/\/RadarTamaulipas.info\/index.php?rest_route=\/wp\/v2\/posts\/635\/revisions"}],"predecessor-version":[{"id":637,"href":"https:\/\/RadarTamaulipas.info\/index.php?rest_route=\/wp\/v2\/posts\/635\/revisions\/637"}],"wp:attachment":[{"href":"https:\/\/RadarTamaulipas.info\/index.php?rest_route=%2Fwp%2Fv2%2Fmedia&parent=635"}],"wp:term":[{"taxonomy":"category","embeddable":true,"href":"https:\/\/RadarTamaulipas.info\/index.php?rest_route=%2Fwp%2Fv2%2Fcategories&post=635"},{"taxonomy":"post_tag","embeddable":true,"href":"https:\/\/RadarTamaulipas.info\/index.php?rest_route=%2Fwp%2Fv2%2Ftags&post=635"}],"curies":[{"name":"wp","href":"https:\/\/api.w.org\/{rel}","templated":true}]}}