{"id":638,"date":"2026-04-20T23:04:40","date_gmt":"2026-04-20T23:04:40","guid":{"rendered":"https:\/\/RadarTamaulipas.info\/?p=638"},"modified":"2026-04-20T23:04:41","modified_gmt":"2026-04-20T23:04:41","slug":"gobierno-invierte-10-mdp-en-remodelacion-de-la-plaza-de-la-independencia","status":"publish","type":"post","link":"https:\/\/RadarTamaulipas.info\/?p=638","title":{"rendered":"Gobierno invierte 10 mdp en remodelaci\u00f3n de la plaza de la independencia"},"content":{"rendered":"\n<figure class=\"wp-block-gallery has-nested-images columns-default is-cropped wp-block-gallery-1 is-layout-flex wp-block-gallery-is-layout-flex\">\n<figure class=\"wp-block-image size-large\"><img loading=\"lazy\" decoding=\"async\" width=\"1024\" height=\"538\" data-id=\"640\" src=\"https:\/\/radartamaulipas.info\/wp-content\/uploads\/2026\/04\/IMG-20260420-WA0019-1-1024x538.jpg\" alt=\"\" class=\"wp-image-640\" srcset=\"https:\/\/radartamaulipas.info\/wp-content\/uploads\/2026\/04\/IMG-20260420-WA0019-1-1024x538.jpg 1024w, https:\/\/radartamaulipas.info\/wp-content\/uploads\/2026\/04\/IMG-20260420-WA0019-1-300x158.jpg 300w, https:\/\/radartamaulipas.info\/wp-content\/uploads\/2026\/04\/IMG-20260420-WA0019-1-768x404.jpg 768w, https:\/\/radartamaulipas.info\/wp-content\/uploads\/2026\/04\/IMG-20260420-WA0019-1.jpg 1079w\" sizes=\"auto, (max-width: 1024px) 100vw, 1024px\" \/><\/figure>\n\n\n\n<figure class=\"wp-block-image size-large\"><img loading=\"lazy\" decoding=\"async\" width=\"930\" height=\"661\" data-id=\"641\" src=\"https:\/\/radartamaulipas.info\/wp-content\/uploads\/2026\/04\/IMG-20260420-WA0018.jpg\" alt=\"\" class=\"wp-image-641\" srcset=\"https:\/\/radartamaulipas.info\/wp-content\/uploads\/2026\/04\/IMG-20260420-WA0018.jpg 930w, https:\/\/radartamaulipas.info\/wp-content\/uploads\/2026\/04\/IMG-20260420-WA0018-300x213.jpg 300w, https:\/\/radartamaulipas.info\/wp-content\/uploads\/2026\/04\/IMG-20260420-WA0018-768x546.jpg 768w\" sizes=\"auto, (max-width: 930px) 100vw, 930px\" \/><\/figure>\n<\/figure>\n\n\n\n<p>Por: Alfredo Uvalle<\/p>\n\n\n\n<p>Si pasas seguido por la plaza \u201cH\u00e9roes de la Independencia\u201d en Ciudad Victoria, prep\u00e1rate porque vienen cambios grandes. El Gobierno del Estado ya puso en marcha un plan para rescatar este espacio y quitarle lo descuidado, con una inversi\u00f3n que ronda los 10 millones de pesos, sitio emblem\u00e1tico de la capital del estado y que guarda una gran historia.<\/p>\n\n\n\n<p>No solo es una \u00abmanita de gato\u00bb, el titular de Obras P\u00fablicas del gabinete estatal, Pedro Cepeda Anaya, expuso los detalles de lo que se est\u00e1 remodelando:<\/p>\n\n\n\n<p>Andadores nuevos: Para que ya no haya problema al caminar.<br>Iluminaci\u00f3n y jardines: Para que la plaza se vea viva y, sobre todo, sea m\u00e1s segura de noche.<\/p>\n\n\n\n<p>Bancas nuevas: Para los que van a descansar un rato.<\/p>\n\n\n\n<p>\u201cEl piso es sobre pedido y ya comenz\u00f3 a llegar para su inmediata colocaci\u00f3n, ten\u00edamos estimado concluir las obras el d\u00eda \u00faltimo de abril, pero con el retraso del piso que se manda a fabricar al centro del pa\u00eds, estimamos un par de semana m\u00e1s\u201d, dijo el funcionario.<\/p>\n\n\n\n<p>En lo que respecta al monumento de los H\u00e9roes de la Independencia, se est\u00e1 tramitando un permiso ante el INAH para proceder a limpiarlo y darle la atenci\u00f3n que se requiere.<\/p>\n","protected":false},"excerpt":{"rendered":"<p>Por: Alfredo Uvalle Si pasas seguido por la plaza \u201cH\u00e9roes de la Independencia\u201d en Ciudad Victoria, prep\u00e1rate porque<\/p>\n","protected":false},"author":1,"featured_media":0,"comment_status":"open","ping_status":"open","sticky":false,"template":"","format":"standard","meta":{"footnotes":""},"categories":[1],"tags":[],"class_list":["post-638","post","type-post","status-publish","format-standard","hentry","category-tamaulipas"],"_links":{"self":[{"href":"https:\/\/RadarTamaulipas.info\/index.php?rest_route=\/wp\/v2\/posts\/638","targetHints":{"allow":["GET"]}}],"collection":[{"href":"https:\/\/RadarTamaulipas.info\/index.php?rest_route=\/wp\/v2\/posts"}],"about":[{"href":"https:\/\/RadarTamaulipas.info\/index.php?rest_route=\/wp\/v2\/types\/post"}],"author":[{"embeddable":true,"href":"https:\/\/RadarTamaulipas.info\/index.php?rest_route=\/wp\/v2\/users\/1"}],"replies":[{"embeddable":true,"href":"https:\/\/RadarTamaulipas.info\/index.php?rest_route=%2Fwp%2Fv2%2Fcomments&post=638"}],"version-history":[{"count":1,"href":"https:\/\/RadarTamaulipas.info\/index.php?rest_route=\/wp\/v2\/posts\/638\/revisions"}],"predecessor-version":[{"id":642,"href":"https:\/\/RadarTamaulipas.info\/index.php?rest_route=\/wp\/v2\/posts\/638\/revisions\/642"}],"wp:attachment":[{"href":"https:\/\/RadarTamaulipas.info\/index.php?rest_route=%2Fwp%2Fv2%2Fmedia&parent=638"}],"wp:term":[{"taxonomy":"category","embeddable":true,"href":"https:\/\/RadarTamaulipas.info\/index.php?rest_route=%2Fwp%2Fv2%2Fcategories&post=638"},{"taxonomy":"post_tag","embeddable":true,"href":"https:\/\/RadarTamaulipas.info\/index.php?rest_route=%2Fwp%2Fv2%2Ftags&post=638"}],"curies":[{"name":"wp","href":"https:\/\/api.w.org\/{rel}","templated":true}]}}