{"id":644,"date":"2026-04-20T23:48:24","date_gmt":"2026-04-20T23:48:24","guid":{"rendered":"https:\/\/RadarTamaulipas.info\/?p=644"},"modified":"2026-04-20T23:48:25","modified_gmt":"2026-04-20T23:48:25","slug":"alma-celia-cardenas-guardado-recibio-premio-por-60-anos-de-servicio-en-el-sector-salud","status":"publish","type":"post","link":"https:\/\/RadarTamaulipas.info\/?p=644","title":{"rendered":"Alma Celia C\u00e1rdenas Guardado recibi\u00f3 premio por 60 a\u00f1os de servicio en el sector salud"},"content":{"rendered":"\n<figure class=\"wp-block-gallery has-nested-images columns-default is-cropped wp-block-gallery-1 is-layout-flex wp-block-gallery-is-layout-flex\">\n<figure class=\"wp-block-image size-large\"><img loading=\"lazy\" decoding=\"async\" width=\"983\" height=\"671\" data-id=\"645\" src=\"https:\/\/radartamaulipas.info\/wp-content\/uploads\/2026\/04\/IMG-20260420-WA0022.jpg\" alt=\"\" class=\"wp-image-645\" srcset=\"https:\/\/radartamaulipas.info\/wp-content\/uploads\/2026\/04\/IMG-20260420-WA0022.jpg 983w, https:\/\/radartamaulipas.info\/wp-content\/uploads\/2026\/04\/IMG-20260420-WA0022-300x205.jpg 300w, https:\/\/radartamaulipas.info\/wp-content\/uploads\/2026\/04\/IMG-20260420-WA0022-768x524.jpg 768w\" sizes=\"auto, (max-width: 983px) 100vw, 983px\" \/><\/figure>\n\n\n\n<figure class=\"wp-block-image size-large\"><img loading=\"lazy\" decoding=\"async\" width=\"988\" height=\"680\" data-id=\"647\" src=\"https:\/\/radartamaulipas.info\/wp-content\/uploads\/2026\/04\/IMG-20260420-WA0021.jpg\" alt=\"\" class=\"wp-image-647\" srcset=\"https:\/\/radartamaulipas.info\/wp-content\/uploads\/2026\/04\/IMG-20260420-WA0021.jpg 988w, https:\/\/radartamaulipas.info\/wp-content\/uploads\/2026\/04\/IMG-20260420-WA0021-300x206.jpg 300w, https:\/\/radartamaulipas.info\/wp-content\/uploads\/2026\/04\/IMG-20260420-WA0021-768x529.jpg 768w\" sizes=\"auto, (max-width: 988px) 100vw, 988px\" \/><\/figure>\n\n\n\n<figure class=\"wp-block-image size-large\"><img loading=\"lazy\" decoding=\"async\" width=\"992\" height=\"669\" data-id=\"646\" src=\"https:\/\/radartamaulipas.info\/wp-content\/uploads\/2026\/04\/IMG-20260420-WA0020.jpg\" alt=\"\" class=\"wp-image-646\" srcset=\"https:\/\/radartamaulipas.info\/wp-content\/uploads\/2026\/04\/IMG-20260420-WA0020.jpg 992w, https:\/\/radartamaulipas.info\/wp-content\/uploads\/2026\/04\/IMG-20260420-WA0020-300x202.jpg 300w, https:\/\/radartamaulipas.info\/wp-content\/uploads\/2026\/04\/IMG-20260420-WA0020-768x518.jpg 768w\" sizes=\"auto, (max-width: 992px) 100vw, 992px\" \/><\/figure>\n<\/figure>\n\n\n\n<p>Por:  Alfredo Uvalle <\/p>\n\n\n\n<p>Durante la ceremonia de entrega del premio Estatal y Federal de Antig\u00fcedad, de 20 y hasta 60 a\u00f1os de servicio a trabajadores de la Secretar\u00eda de Salud y de la Coordinaci\u00f3n IMSS Bienestar, se entregaron 1,400 est\u00edmulos econ\u00f3micos.<\/p>\n\n\n\n<p> El Gobernador Am\u00e9rico Villarreal Anaya, reconoci\u00f3 la labor de las y los trabajadores de la salud, en donde sus acciones, ya sea tambi\u00e9n de \u00edndole administrativo, as\u00ed como en la acci\u00f3n operativa de los servicios de salud, en el primero, segundo o tercer nivel de atenci\u00f3n, siempre est\u00e1n enfocadas a promocionar la salud, a prevenir la enfermedad y a recuperar la salud. <\/p>\n\n\n\n<p>\u00abSus acciones siempre ser\u00e1n bien ponderadas porque implican salvar vidas, prolongar vidas en mejor calidad y oportunidad de disfrute del bienestar entre nuestras familias\u00bb, dijo Villarreal Anaya.<\/p>\n\n\n\n<p> Entre los galardonados se encuentra Alma Celia C\u00e1rdenas Guardado, quien fue ovacionada por los asistentes al Polyforum Victoria, al recibir su premio por 60 a\u00f1os de servicio como enfermera general titulada \u00abB\u00bb, del Distrito de Salud para el Bienestar I, en Ciudad Victoria.<\/p>\n\n\n\n<p> Acompa\u00f1aron en el evento al titular del poder ejecutivo,  Marggid Rodr\u00edguez Avenda\u00f1o, coordinador de IMSS-Bienestar en Tamaulipas y Adriana Marcela Hern\u00e1ndez Campos Secretar\u00eda de Salud, as\u00ed como de l\u00edderes sindicales.<\/p>\n","protected":false},"excerpt":{"rendered":"<p>Por: Alfredo Uvalle Durante la ceremonia de entrega del premio Estatal y Federal de Antig\u00fcedad, de 20 y<\/p>\n","protected":false},"author":1,"featured_media":0,"comment_status":"open","ping_status":"open","sticky":false,"template":"","format":"standard","meta":{"footnotes":""},"categories":[1],"tags":[],"class_list":["post-644","post","type-post","status-publish","format-standard","hentry","category-tamaulipas"],"_links":{"self":[{"href":"https:\/\/RadarTamaulipas.info\/index.php?rest_route=\/wp\/v2\/posts\/644","targetHints":{"allow":["GET"]}}],"collection":[{"href":"https:\/\/RadarTamaulipas.info\/index.php?rest_route=\/wp\/v2\/posts"}],"about":[{"href":"https:\/\/RadarTamaulipas.info\/index.php?rest_route=\/wp\/v2\/types\/post"}],"author":[{"embeddable":true,"href":"https:\/\/RadarTamaulipas.info\/index.php?rest_route=\/wp\/v2\/users\/1"}],"replies":[{"embeddable":true,"href":"https:\/\/RadarTamaulipas.info\/index.php?rest_route=%2Fwp%2Fv2%2Fcomments&post=644"}],"version-history":[{"count":1,"href":"https:\/\/RadarTamaulipas.info\/index.php?rest_route=\/wp\/v2\/posts\/644\/revisions"}],"predecessor-version":[{"id":648,"href":"https:\/\/RadarTamaulipas.info\/index.php?rest_route=\/wp\/v2\/posts\/644\/revisions\/648"}],"wp:attachment":[{"href":"https:\/\/RadarTamaulipas.info\/index.php?rest_route=%2Fwp%2Fv2%2Fmedia&parent=644"}],"wp:term":[{"taxonomy":"category","embeddable":true,"href":"https:\/\/RadarTamaulipas.info\/index.php?rest_route=%2Fwp%2Fv2%2Fcategories&post=644"},{"taxonomy":"post_tag","embeddable":true,"href":"https:\/\/RadarTamaulipas.info\/index.php?rest_route=%2Fwp%2Fv2%2Ftags&post=644"}],"curies":[{"name":"wp","href":"https:\/\/api.w.org\/{rel}","templated":true}]}}