{"id":667,"date":"2026-04-22T15:24:03","date_gmt":"2026-04-22T15:24:03","guid":{"rendered":"https:\/\/RadarTamaulipas.info\/?p=667"},"modified":"2026-04-22T15:24:04","modified_gmt":"2026-04-22T15:24:04","slug":"estudiantes-del-tec-de-victoria-suspenden-clases","status":"publish","type":"post","link":"https:\/\/RadarTamaulipas.info\/?p=667","title":{"rendered":"Estudiantes del Tec de Victoria suspenden clases"},"content":{"rendered":"\n<figure class=\"wp-block-gallery has-nested-images columns-default is-cropped wp-block-gallery-1 is-layout-flex wp-block-gallery-is-layout-flex\">\n<figure class=\"wp-block-image size-large\"><img loading=\"lazy\" decoding=\"async\" width=\"1024\" height=\"576\" data-id=\"668\" src=\"https:\/\/radartamaulipas.info\/wp-content\/uploads\/2026\/04\/IMG-20260422-WA0006-1024x576.jpg\" alt=\"\" class=\"wp-image-668\" srcset=\"https:\/\/radartamaulipas.info\/wp-content\/uploads\/2026\/04\/IMG-20260422-WA0006-1024x576.jpg 1024w, https:\/\/radartamaulipas.info\/wp-content\/uploads\/2026\/04\/IMG-20260422-WA0006-300x169.jpg 300w, https:\/\/radartamaulipas.info\/wp-content\/uploads\/2026\/04\/IMG-20260422-WA0006-768x432.jpg 768w, https:\/\/radartamaulipas.info\/wp-content\/uploads\/2026\/04\/IMG-20260422-WA0006-1536x864.jpg 1536w, https:\/\/radartamaulipas.info\/wp-content\/uploads\/2026\/04\/IMG-20260422-WA0006.jpg 1600w\" sizes=\"auto, (max-width: 1024px) 100vw, 1024px\" \/><\/figure>\n\n\n\n<figure class=\"wp-block-image size-large\"><img loading=\"lazy\" decoding=\"async\" width=\"1024\" height=\"576\" data-id=\"669\" src=\"https:\/\/radartamaulipas.info\/wp-content\/uploads\/2026\/04\/IMG-20260422-WA0005-1024x576.jpg\" alt=\"\" class=\"wp-image-669\" srcset=\"https:\/\/radartamaulipas.info\/wp-content\/uploads\/2026\/04\/IMG-20260422-WA0005-1024x576.jpg 1024w, https:\/\/radartamaulipas.info\/wp-content\/uploads\/2026\/04\/IMG-20260422-WA0005-300x169.jpg 300w, https:\/\/radartamaulipas.info\/wp-content\/uploads\/2026\/04\/IMG-20260422-WA0005-768x432.jpg 768w, https:\/\/radartamaulipas.info\/wp-content\/uploads\/2026\/04\/IMG-20260422-WA0005-1536x864.jpg 1536w, https:\/\/radartamaulipas.info\/wp-content\/uploads\/2026\/04\/IMG-20260422-WA0005.jpg 1600w\" sizes=\"auto, (max-width: 1024px) 100vw, 1024px\" \/><\/figure>\n\n\n\n<figure class=\"wp-block-image size-large\"><img loading=\"lazy\" decoding=\"async\" width=\"1024\" height=\"576\" data-id=\"670\" src=\"https:\/\/radartamaulipas.info\/wp-content\/uploads\/2026\/04\/IMG-20260422-WA0008-1024x576.jpg\" alt=\"\" class=\"wp-image-670\" srcset=\"https:\/\/radartamaulipas.info\/wp-content\/uploads\/2026\/04\/IMG-20260422-WA0008-1024x576.jpg 1024w, https:\/\/radartamaulipas.info\/wp-content\/uploads\/2026\/04\/IMG-20260422-WA0008-300x169.jpg 300w, https:\/\/radartamaulipas.info\/wp-content\/uploads\/2026\/04\/IMG-20260422-WA0008-768x432.jpg 768w, https:\/\/radartamaulipas.info\/wp-content\/uploads\/2026\/04\/IMG-20260422-WA0008-1536x864.jpg 1536w, https:\/\/radartamaulipas.info\/wp-content\/uploads\/2026\/04\/IMG-20260422-WA0008.jpg 1600w\" sizes=\"auto, (max-width: 1024px) 100vw, 1024px\" \/><\/figure>\n\n\n\n<figure class=\"wp-block-image size-large\"><img loading=\"lazy\" decoding=\"async\" width=\"1024\" height=\"576\" data-id=\"671\" src=\"https:\/\/radartamaulipas.info\/wp-content\/uploads\/2026\/04\/IMG-20260422-WA0007-1024x576.jpg\" alt=\"\" class=\"wp-image-671\" srcset=\"https:\/\/radartamaulipas.info\/wp-content\/uploads\/2026\/04\/IMG-20260422-WA0007-1024x576.jpg 1024w, https:\/\/radartamaulipas.info\/wp-content\/uploads\/2026\/04\/IMG-20260422-WA0007-300x169.jpg 300w, https:\/\/radartamaulipas.info\/wp-content\/uploads\/2026\/04\/IMG-20260422-WA0007-768x432.jpg 768w, https:\/\/radartamaulipas.info\/wp-content\/uploads\/2026\/04\/IMG-20260422-WA0007-1536x864.jpg 1536w, https:\/\/radartamaulipas.info\/wp-content\/uploads\/2026\/04\/IMG-20260422-WA0007.jpg 1600w\" sizes=\"auto, (max-width: 1024px) 100vw, 1024px\" \/><\/figure>\n\n\n\n<figure class=\"wp-block-image size-large\"><img loading=\"lazy\" decoding=\"async\" width=\"1024\" height=\"576\" data-id=\"672\" src=\"https:\/\/radartamaulipas.info\/wp-content\/uploads\/2026\/04\/IMG-20260422-WA0004-1024x576.jpg\" alt=\"\" class=\"wp-image-672\" srcset=\"https:\/\/radartamaulipas.info\/wp-content\/uploads\/2026\/04\/IMG-20260422-WA0004-1024x576.jpg 1024w, https:\/\/radartamaulipas.info\/wp-content\/uploads\/2026\/04\/IMG-20260422-WA0004-300x169.jpg 300w, https:\/\/radartamaulipas.info\/wp-content\/uploads\/2026\/04\/IMG-20260422-WA0004-768x432.jpg 768w, https:\/\/radartamaulipas.info\/wp-content\/uploads\/2026\/04\/IMG-20260422-WA0004-1536x864.jpg 1536w, https:\/\/radartamaulipas.info\/wp-content\/uploads\/2026\/04\/IMG-20260422-WA0004.jpg 1600w\" sizes=\"auto, (max-width: 1024px) 100vw, 1024px\" \/><\/figure>\n<\/figure>\n\n\n\n<p>Por: Alfredo Uvalle <\/p>\n\n\n\n<p>Esta ma\u00f1ana estudiantes del Instituto tecnol\u00f3gico de Ciudad Victoria procedieron a la suspensi\u00f3n de clases y cerraron los portones de acceso con cadena y candado para exigir la destituci\u00f3n de la directora del plantel Deysi Jessica \u00c1lvarez al se\u00f1alar que ya concluy\u00f3 su periodo desde febrero de 2026<\/p>\n\n\n\n<p>Diego Orlando Pacheco Santiago Presidente del Comit\u00e9 Ejecutivo de la Sociedad de Alumnos, quien est\u00e1 por concluir la carrera de Ingenier\u00eda Industrial, estableci\u00f3 que la principal exigencia es que se garantice la no represalias en un plazo m\u00e1ximo de 72 horas.<\/p>\n\n\n\n<p> Los estudiantes denuncian el aumento de cuotas sin justificaci\u00f3n alguna afectando directamente a los estudiantes, la reducci\u00f3n de becas y apoyos dejando desprotegidos a quienes m\u00e1s lo necesitan denuncian las instalaciones en mal estado y laboratorios sin inservibles que afectan la formaci\u00f3n acad\u00e9mica. <\/p>\n\n\n\n<p>\u201cHay una falta de seguridad y condiciones b\u00e1sicas de protecci\u00f3n civil dentro del plantel, bloqueo y limitaci\u00f3n ilegal de la representaci\u00f3n estudiantil. Adem\u00e1s, hay un hostigamiento e intimidaci\u00f3n sistem\u00e1tica hacia estudiantes y docentes\u201d, se\u00f1al\u00f3. <\/p>\n\n\n\n<p>Dentro de las exigencias solicitan la destituci\u00f3n inmediata de los responsables de la gesti\u00f3n, que se realice una auditor\u00eda transparente de todos los recursos financieros, el restablecimiento total de las becas y apoyos estudiantiles, respeto total a los estudiantes y su leg\u00edtima representaci\u00f3n, que se establezca una mesa de di\u00e1logo p\u00fablica para abordar y solucionar los problemas.<\/p>\n","protected":false},"excerpt":{"rendered":"<p>Por: Alfredo Uvalle Esta ma\u00f1ana estudiantes del Instituto tecnol\u00f3gico de Ciudad Victoria procedieron a la suspensi\u00f3n de clases<\/p>\n","protected":false},"author":1,"featured_media":0,"comment_status":"open","ping_status":"open","sticky":false,"template":"","format":"standard","meta":{"footnotes":""},"categories":[1],"tags":[],"class_list":["post-667","post","type-post","status-publish","format-standard","hentry","category-tamaulipas"],"_links":{"self":[{"href":"https:\/\/RadarTamaulipas.info\/index.php?rest_route=\/wp\/v2\/posts\/667","targetHints":{"allow":["GET"]}}],"collection":[{"href":"https:\/\/RadarTamaulipas.info\/index.php?rest_route=\/wp\/v2\/posts"}],"about":[{"href":"https:\/\/RadarTamaulipas.info\/index.php?rest_route=\/wp\/v2\/types\/post"}],"author":[{"embeddable":true,"href":"https:\/\/RadarTamaulipas.info\/index.php?rest_route=\/wp\/v2\/users\/1"}],"replies":[{"embeddable":true,"href":"https:\/\/RadarTamaulipas.info\/index.php?rest_route=%2Fwp%2Fv2%2Fcomments&post=667"}],"version-history":[{"count":1,"href":"https:\/\/RadarTamaulipas.info\/index.php?rest_route=\/wp\/v2\/posts\/667\/revisions"}],"predecessor-version":[{"id":673,"href":"https:\/\/RadarTamaulipas.info\/index.php?rest_route=\/wp\/v2\/posts\/667\/revisions\/673"}],"wp:attachment":[{"href":"https:\/\/RadarTamaulipas.info\/index.php?rest_route=%2Fwp%2Fv2%2Fmedia&parent=667"}],"wp:term":[{"taxonomy":"category","embeddable":true,"href":"https:\/\/RadarTamaulipas.info\/index.php?rest_route=%2Fwp%2Fv2%2Fcategories&post=667"},{"taxonomy":"post_tag","embeddable":true,"href":"https:\/\/RadarTamaulipas.info\/index.php?rest_route=%2Fwp%2Fv2%2Ftags&post=667"}],"curies":[{"name":"wp","href":"https:\/\/api.w.org\/{rel}","templated":true}]}}