{"id":674,"date":"2026-04-22T18:25:27","date_gmt":"2026-04-22T18:25:27","guid":{"rendered":"https:\/\/RadarTamaulipas.info\/?p=674"},"modified":"2026-04-22T18:25:28","modified_gmt":"2026-04-22T18:25:28","slug":"violenta-rina-en-victoria-deja-a-un-hombre-apunalado","status":"publish","type":"post","link":"https:\/\/RadarTamaulipas.info\/?p=674","title":{"rendered":"Violenta ri\u00f1a en Victoria deja a un hombre apu\u00f1alado"},"content":{"rendered":"\n<figure class=\"wp-block-image size-full\"><img loading=\"lazy\" decoding=\"async\" width=\"775\" height=\"590\" src=\"https:\/\/radartamaulipas.info\/wp-content\/uploads\/2026\/04\/IMG-20260422-WA0010.jpg\" alt=\"\" class=\"wp-image-675\" srcset=\"https:\/\/radartamaulipas.info\/wp-content\/uploads\/2026\/04\/IMG-20260422-WA0010.jpg 775w, https:\/\/radartamaulipas.info\/wp-content\/uploads\/2026\/04\/IMG-20260422-WA0010-300x228.jpg 300w, https:\/\/radartamaulipas.info\/wp-content\/uploads\/2026\/04\/IMG-20260422-WA0010-768x585.jpg 768w\" sizes=\"auto, (max-width: 775px) 100vw, 775px\" \/><\/figure>\n\n\n\n<p>Por: Alfredo Uvalle <\/p>\n\n\n\n<p>Una violenta agresi\u00f3n se registr\u00f3 en la Colonia Solidaridad de esta ciudad capital, donde un hombre result\u00f3 gravemente herido tras ser atacado con un arma blanca por dos sujetos que presuntamente ya lo acechaban.<\/p>\n\n\n\n<p>Los hechos ocurrieron cuando la v\u00edctima lleg\u00f3 a una tienda de conveniencia a bordo de su motocicleta. Seg\u00fan versiones de testigos, los agresores ven\u00edan siguiendo al motociclista y esperaron pacientemente a que este saliera del establecimiento para emboscarlo. Sin mediar palabra, lo atacaron con lo que parec\u00eda ser una navaja, provoc\u00e1ndole m\u00faltiples heridas en diversas partes del cuerpo.<\/p>\n\n\n\n<p>Tras el ataque, se realiz\u00f3 el reporte inmediato al n\u00famero de emergencias 911. Al lugar arribaron elementos de la Guardia Estatal de la Secretar\u00eda de Seguridad P\u00fablica (SSP) y de la Polic\u00eda Investigadora de la fiscal\u00eda general de Justicia del Estado de Tamaulipas (FGJET), acompa\u00f1ados por personal de Servicios Periciales para recolectar evidencias en la escena.<\/p>\n\n\n\n<p>Elementos del Centro Regulador de Urgencias M\u00e9dicas (CRUM) brindaron los primeros auxilios al lesionado en el sitio. Debido a la gravedad de las heridas, fue trasladado de urgencia a un hospital de la ciudad para recibir atenci\u00f3n m\u00e9dica especializada.<\/p>\n\n\n\n<p>Las autoridades mantienen el per\u00edmetro resguardado y han iniciado la carpeta de investigaci\u00f3n correspondiente para dar con el paradero de los responsables y deslindar responsabilidades.<\/p>\n","protected":false},"excerpt":{"rendered":"<p>Por: Alfredo Uvalle Una violenta agresi\u00f3n se registr\u00f3 en la Colonia Solidaridad de esta ciudad capital, donde un<\/p>\n","protected":false},"author":1,"featured_media":0,"comment_status":"open","ping_status":"open","sticky":false,"template":"","format":"standard","meta":{"footnotes":""},"categories":[3],"tags":[],"class_list":["post-674","post","type-post","status-publish","format-standard","hentry","category-seguridad"],"_links":{"self":[{"href":"https:\/\/RadarTamaulipas.info\/index.php?rest_route=\/wp\/v2\/posts\/674","targetHints":{"allow":["GET"]}}],"collection":[{"href":"https:\/\/RadarTamaulipas.info\/index.php?rest_route=\/wp\/v2\/posts"}],"about":[{"href":"https:\/\/RadarTamaulipas.info\/index.php?rest_route=\/wp\/v2\/types\/post"}],"author":[{"embeddable":true,"href":"https:\/\/RadarTamaulipas.info\/index.php?rest_route=\/wp\/v2\/users\/1"}],"replies":[{"embeddable":true,"href":"https:\/\/RadarTamaulipas.info\/index.php?rest_route=%2Fwp%2Fv2%2Fcomments&post=674"}],"version-history":[{"count":1,"href":"https:\/\/RadarTamaulipas.info\/index.php?rest_route=\/wp\/v2\/posts\/674\/revisions"}],"predecessor-version":[{"id":676,"href":"https:\/\/RadarTamaulipas.info\/index.php?rest_route=\/wp\/v2\/posts\/674\/revisions\/676"}],"wp:attachment":[{"href":"https:\/\/RadarTamaulipas.info\/index.php?rest_route=%2Fwp%2Fv2%2Fmedia&parent=674"}],"wp:term":[{"taxonomy":"category","embeddable":true,"href":"https:\/\/RadarTamaulipas.info\/index.php?rest_route=%2Fwp%2Fv2%2Fcategories&post=674"},{"taxonomy":"post_tag","embeddable":true,"href":"https:\/\/RadarTamaulipas.info\/index.php?rest_route=%2Fwp%2Fv2%2Ftags&post=674"}],"curies":[{"name":"wp","href":"https:\/\/api.w.org\/{rel}","templated":true}]}}