{"id":683,"date":"2026-04-23T22:28:23","date_gmt":"2026-04-23T22:28:23","guid":{"rendered":"https:\/\/RadarTamaulipas.info\/?p=683"},"modified":"2026-04-23T22:28:24","modified_gmt":"2026-04-23T22:28:24","slug":"lanza-la-uat-nuevas-estrategias-para-realizar-posgrado-en-plataformas-virtuales","status":"publish","type":"post","link":"https:\/\/RadarTamaulipas.info\/?p=683","title":{"rendered":"Lanza la UAT nuevas estrategias para realizar posgrado en plataformas virtuales"},"content":{"rendered":"\n<figure class=\"wp-block-image size-full\"><img loading=\"lazy\" decoding=\"async\" width=\"980\" height=\"688\" src=\"https:\/\/radartamaulipas.info\/wp-content\/uploads\/2026\/04\/IMG-20260423-WA0035.jpg\" alt=\"\" class=\"wp-image-684\" srcset=\"https:\/\/radartamaulipas.info\/wp-content\/uploads\/2026\/04\/IMG-20260423-WA0035.jpg 980w, https:\/\/radartamaulipas.info\/wp-content\/uploads\/2026\/04\/IMG-20260423-WA0035-300x211.jpg 300w, https:\/\/radartamaulipas.info\/wp-content\/uploads\/2026\/04\/IMG-20260423-WA0035-768x539.jpg 768w\" sizes=\"auto, (max-width: 980px) 100vw, 980px\" \/><\/figure>\n\n\n\n<p>Ciudad Victoria, Tam.; 23 de abril de 2026.<\/p>\n\n\n\n<p>El rector de la Universidad Aut\u00f3noma de Tamaulipas, D\u00e1maso Anaya Alvarado, puso en marcha el curso de capacitaci\u00f3n para el uso de la plataforma SIP Virtual, orientado a la implementaci\u00f3n del Modelo de Posgrado UAT, dirigido al personal docente de posgrado y educaci\u00f3n continua de las dependencias acad\u00e9micas de esta casa de estudios.Esta iniciativa forma parte del Plan de Fortalecimiento al Posgrado de la UAT, consolidando el compromiso de la instituci\u00f3n con la actualizaci\u00f3n permanente, la innovaci\u00f3n y el desarrollo de esquemas educativos m\u00e1s flexibles, pertinentes y acordes a los entornos digitales.<\/p>\n\n\n\n<p>Durante su mensaje inaugural, el rector D\u00e1maso Anaya destac\u00f3 que esta capacitaci\u00f3n es estrat\u00e9gica para la adecuada implementaci\u00f3n del modelo de posgrado, al brindar a las y los docentes herramientas para el dise\u00f1o, desarrollo y gesti\u00f3n de asignaturas en modalidades virtuales y mixtas.Reconoci\u00f3 el compromiso del profesorado y resalt\u00f3 la solidez de la planta acad\u00e9mica universitaria, integrada por 467 miembros del Sistema Nacional de Investigadoras e Investigadores, adem\u00e1s de la diversidad de su oferta acad\u00e9mica con 103 programas de posgrado, de los cuales 42 est\u00e1n inscritos en el Sistema Nacional de Posgrados.<\/p>\n\n\n\n<p>Enfatiz\u00f3 que este 2026 se han orientado esfuerzos para el fortalecimiento y la consolidaci\u00f3n del posgrado de investigaci\u00f3n como uno de los ejes estrat\u00e9gicos del desarrollo institucional; as\u00ed como para la incorporaci\u00f3n de tecnolog\u00edas que permitir\u00e1n ampliar las oportunidades de acceso a la formaci\u00f3n acad\u00e9mica de alto nivel y responder a las nuevas din\u00e1micas del entorno educativo.<\/p>\n\n\n\n<p>Por su parte, la Dra. Evelia Res\u00e9ndiz Balderas, encargada de despacho de la Secretar\u00eda de Investigaci\u00f3n y Posgrado, explic\u00f3 que esta capacitaci\u00f3n responde a la necesidad de consolidar un modelo educativo centrado en el estudiante, promoviendo su desarrollo integral en dimensiones emocionales, intelectuales, \u00e9ticas y sociales.<\/p>\n\n\n\n<p>Detall\u00f3 que el curso \u201cSIP Virtual para la docencia de los programas de posgrado\u201d tiene como objetivo fortalecer las competencias docentes mediante el Modelo de Posgrado UAT y el uso de herramientas digitales innovadoras y estrategias de dise\u00f1o instruccional tecnopedag\u00f3gico orientadas a una educaci\u00f3n innovadora e inclusiva. Agreg\u00f3 que dicho modelo integra principios como el humanismo, la sociedad digital y la generaci\u00f3n de ambientes de aprendizaje; y articula las dimensiones pedag\u00f3gica, acad\u00e9mica, tecnol\u00f3gica y de acompa\u00f1amiento, las cuales permiten estructurar programas de posgrado m\u00e1s flexibles e innovadores.<\/p>\n\n\n\n<p>En ese contexto, a\u00f1adi\u00f3 que la plataforma SIP Virtual funcionar\u00e1 como apoyo para programas en modalidad escolarizada y de educaci\u00f3n continua, favoreciendo entornos de aprendizaje integrales. Y se estar\u00e1 desarrollando a trav\u00e9s de la plataforma Teams, del 23 de abril al 30 de junio de 2026.<\/p>\n","protected":false},"excerpt":{"rendered":"<p>Ciudad Victoria, Tam.; 23 de abril de 2026. El rector de la Universidad Aut\u00f3noma de Tamaulipas, D\u00e1maso Anaya<\/p>\n","protected":false},"author":1,"featured_media":0,"comment_status":"open","ping_status":"open","sticky":false,"template":"","format":"standard","meta":{"footnotes":""},"categories":[1],"tags":[],"class_list":["post-683","post","type-post","status-publish","format-standard","hentry","category-tamaulipas"],"_links":{"self":[{"href":"https:\/\/RadarTamaulipas.info\/index.php?rest_route=\/wp\/v2\/posts\/683","targetHints":{"allow":["GET"]}}],"collection":[{"href":"https:\/\/RadarTamaulipas.info\/index.php?rest_route=\/wp\/v2\/posts"}],"about":[{"href":"https:\/\/RadarTamaulipas.info\/index.php?rest_route=\/wp\/v2\/types\/post"}],"author":[{"embeddable":true,"href":"https:\/\/RadarTamaulipas.info\/index.php?rest_route=\/wp\/v2\/users\/1"}],"replies":[{"embeddable":true,"href":"https:\/\/RadarTamaulipas.info\/index.php?rest_route=%2Fwp%2Fv2%2Fcomments&post=683"}],"version-history":[{"count":1,"href":"https:\/\/RadarTamaulipas.info\/index.php?rest_route=\/wp\/v2\/posts\/683\/revisions"}],"predecessor-version":[{"id":685,"href":"https:\/\/RadarTamaulipas.info\/index.php?rest_route=\/wp\/v2\/posts\/683\/revisions\/685"}],"wp:attachment":[{"href":"https:\/\/RadarTamaulipas.info\/index.php?rest_route=%2Fwp%2Fv2%2Fmedia&parent=683"}],"wp:term":[{"taxonomy":"category","embeddable":true,"href":"https:\/\/RadarTamaulipas.info\/index.php?rest_route=%2Fwp%2Fv2%2Fcategories&post=683"},{"taxonomy":"post_tag","embeddable":true,"href":"https:\/\/RadarTamaulipas.info\/index.php?rest_route=%2Fwp%2Fv2%2Ftags&post=683"}],"curies":[{"name":"wp","href":"https:\/\/api.w.org\/{rel}","templated":true}]}}