{"id":686,"date":"2026-04-23T22:30:58","date_gmt":"2026-04-23T22:30:58","guid":{"rendered":"https:\/\/RadarTamaulipas.info\/?p=686"},"modified":"2026-04-23T22:30:59","modified_gmt":"2026-04-23T22:30:59","slug":"dif-tamaulipas-resguarda-a-menores-detectados-deambulando-en-las-calles-activan-protocolos-de-seguridad","status":"publish","type":"post","link":"https:\/\/RadarTamaulipas.info\/?p=686","title":{"rendered":"DIF Tamaulipas resguarda a menores detectados deambulando en las calles; activan protocolos de seguridad"},"content":{"rendered":"\n<figure class=\"wp-block-image size-full\"><img loading=\"lazy\" decoding=\"async\" width=\"986\" height=\"690\" src=\"https:\/\/radartamaulipas.info\/wp-content\/uploads\/2026\/04\/IMG-20260423-WA00341.jpg\" alt=\"\" class=\"wp-image-687\" srcset=\"https:\/\/radartamaulipas.info\/wp-content\/uploads\/2026\/04\/IMG-20260423-WA00341.jpg 986w, https:\/\/radartamaulipas.info\/wp-content\/uploads\/2026\/04\/IMG-20260423-WA00341-300x210.jpg 300w, https:\/\/radartamaulipas.info\/wp-content\/uploads\/2026\/04\/IMG-20260423-WA00341-768x537.jpg 768w\" sizes=\"auto, (max-width: 986px) 100vw, 986px\" \/><\/figure>\n\n\n\n<p><\/p>\n\n\n\n<p>Por:  Alfredo Uvalle <\/p>\n\n\n\n<p>Con el objetivo primordial de garantizar la integridad f\u00edsica y los derechos de la ni\u00f1ez, el Sistema DIF Tamaulipas ha intensificado las acciones de resguardo para menores de edad que son reportados deambulando sin compa\u00f1\u00eda en diversos municipios de la entidad.<\/p>\n\n\n\n<p>La directora general del instituto, Patricia Eugenia Lara Ayala, inform\u00f3 que esta medida responde a un reciente incremento en los reportes de ni\u00f1as y ni\u00f1os encontrados solos en la v\u00eda p\u00fablica. Casos concretos se han registrado recientemente en los municipios de Altamira y Victoria, donde la intervenci\u00f3n de las autoridades fue inmediata.<\/p>\n\n\n\n<p>Lara Ayala explic\u00f3 que, ante estas situaciones, se implementa de forma estricta el protocolo de protecci\u00f3n por parte de las autoridades correspondientes. Una vez que un menor es localizado bajo estas condiciones, el personal especializado procede a su resguardo preventivo en instalaciones seguras.<\/p>\n\n\n\n<p>\u00abNuestra prioridad es garantizar la seguridad de los menores. Al recibir el reporte, se activa el protocolo para ponerlos a salvo y comenzar las investigaciones necesarias para localizar a sus familiares o determinar las causas por las que se encontraban sin supervisi\u00f3n\u00bb, se\u00f1al\u00f3 la funcionaria.<\/p>\n\n\n\n<p>El DIF Tamaulipas hace un llamado a la ciudadan\u00eda y a los padres de familia para extremar precauciones en el cuidado de los menores, recordando que el instituto permanece alerta para intervenir en cualquier situaci\u00f3n que ponga en riesgo la vulnerabilidad de la infancia en el estado.<\/p>\n","protected":false},"excerpt":{"rendered":"<p>Por: Alfredo Uvalle Con el objetivo primordial de garantizar la integridad f\u00edsica y los derechos de la ni\u00f1ez,<\/p>\n","protected":false},"author":1,"featured_media":0,"comment_status":"open","ping_status":"open","sticky":false,"template":"","format":"standard","meta":{"footnotes":""},"categories":[1],"tags":[],"class_list":["post-686","post","type-post","status-publish","format-standard","hentry","category-tamaulipas"],"_links":{"self":[{"href":"https:\/\/RadarTamaulipas.info\/index.php?rest_route=\/wp\/v2\/posts\/686","targetHints":{"allow":["GET"]}}],"collection":[{"href":"https:\/\/RadarTamaulipas.info\/index.php?rest_route=\/wp\/v2\/posts"}],"about":[{"href":"https:\/\/RadarTamaulipas.info\/index.php?rest_route=\/wp\/v2\/types\/post"}],"author":[{"embeddable":true,"href":"https:\/\/RadarTamaulipas.info\/index.php?rest_route=\/wp\/v2\/users\/1"}],"replies":[{"embeddable":true,"href":"https:\/\/RadarTamaulipas.info\/index.php?rest_route=%2Fwp%2Fv2%2Fcomments&post=686"}],"version-history":[{"count":1,"href":"https:\/\/RadarTamaulipas.info\/index.php?rest_route=\/wp\/v2\/posts\/686\/revisions"}],"predecessor-version":[{"id":688,"href":"https:\/\/RadarTamaulipas.info\/index.php?rest_route=\/wp\/v2\/posts\/686\/revisions\/688"}],"wp:attachment":[{"href":"https:\/\/RadarTamaulipas.info\/index.php?rest_route=%2Fwp%2Fv2%2Fmedia&parent=686"}],"wp:term":[{"taxonomy":"category","embeddable":true,"href":"https:\/\/RadarTamaulipas.info\/index.php?rest_route=%2Fwp%2Fv2%2Fcategories&post=686"},{"taxonomy":"post_tag","embeddable":true,"href":"https:\/\/RadarTamaulipas.info\/index.php?rest_route=%2Fwp%2Fv2%2Ftags&post=686"}],"curies":[{"name":"wp","href":"https:\/\/api.w.org\/{rel}","templated":true}]}}